{"id":866,"date":"2026-02-20T17:44:01","date_gmt":"2026-02-20T16:44:01","guid":{"rendered":"https:\/\/mag.certideal.com\/?p=866"},"modified":"2026-02-20T17:47:46","modified_gmt":"2026-02-20T16:47:46","slug":"iphone-fold-nel-2026-prezzo-data-di-uscita-formato-cosa-aspettarsi-davvero","status":"publish","type":"post","link":"https:\/\/mag.certideal.com\/it\/iphone-fold-nel-2026-prezzo-data-di-uscita-formato-cosa-aspettarsi-davvero\/","title":{"rendered":"iPhone Fold nel 2026: prezzo, data di uscita, formato\u2026 cosa aspettarsi davvero"},"content":{"rendered":"\n<p>Apple e il pieghevole, diciamolo, \u00e8 una di quelle storie che sembrano sempre l\u00ec l\u00ec per succedere. Solo che, stavolta, i segnali stanno diventando pi\u00f9 concreti: diversi analisti parlano di fasi industriali gi\u00e0 avviate, alcune indiscrezioni descrivono una scheda tecnica piuttosto coerente e perfino il calendario di lancio degli iPhone potrebbe essere riorganizzato per fargli spazio. Quindi s\u00ec: l\u2019iPhone Fold non \u00e8 pi\u00f9 solo \u201cfantascienza da rumor\u201d, ma un prodotto che inizia a prendere forma (pur restando, per ora, nel campo delle anticipazioni).<\/p>\n\n\n\n<h2 class=\"wp-block-heading\"><strong>Uscita: pi\u00f9 probabile fine 2026, con un posto speciale in gamma<\/strong><\/h2>\n\n\n\n<p>Lo scenario che torna pi\u00f9 spesso \u00e8 un lancio <strong>nell\u2019autunno 2026<\/strong>. Non solo perch\u00e9 Apple ama l\u2019autunno (anche), ma perch\u00e9 la filiera produttiva avrebbe bisogno di quei tempi: si parla di avvio della produzione pi\u00f9 serio verso <strong>il quarto trimestre<\/strong> e crescita dei volumi nella <strong>seconda met\u00e0 del 2026<\/strong>. Esiste anche un \u201cpiano B\u201d che gira da tempo: se un componente chiave (leggi: la cerniera) dovesse creare problemi, un rinvio al <strong>2027<\/strong> non sarebbe sorprendente.<\/p>\n\n\n\n<p>La parte interessante \u00e8 l\u2019effetto domino: per inserire un pieghevole senza far esplodere la gamma, Apple potrebbe <strong>spostare alcuni iPhone \u201cclassici\u201d<\/strong> e far uscire una parte della lineup pi\u00f9 tardi, in primavera. Tradotto: l\u2019iPhone Fold non sarebbe \u201cun iPhone in pi\u00f9\u201d, ma un prodotto che obbliga Apple a rimettere mano alla sua organizzazione.<\/p>\n\n\n\n<h2 class=\"wp-block-heading\"><strong>Il prezzo: Apple punter\u00e0 al super premium, senza vergogna<\/strong><\/h2>\n\n\n\n<p>Sul prezzo, paradossalmente, c\u2019\u00e8 pi\u00f9 accordo che su tutto il resto\u2026 perch\u00e9 quasi tutti si aspettano una cifra alta. Le stime girano attorno ai <strong>2.000\u20132.500 dollari<\/strong> negli Stati Uniti, con differenze a seconda delle fonti (c\u2019\u00e8 chi parla anche di 1.800\u20132.000 $, altri vedono bene 2.399 $). In Europa, tra tasse e conversioni, il posizionamento sarebbe inevitabilmente da \u201clusso tech\u201d.<\/p>\n\n\n\n<p>Un dettaglio curioso: alcune voci dicono che la <strong>cerniera potrebbe costare meno del previsto<\/strong> grazie a ottimizzazioni di design e industrializzazione. Due possibilit\u00e0: Apple usa il vantaggio per contenere il prezzo, oppure tiene il prezzo altissimo e <strong>migliora i margini<\/strong>. Io scommetto senza troppi dubbi sulla seconda opzione.<\/p>\n\n\n\n<h2 class=\"wp-block-heading\">Design ed display: formato \u201clibro\u201d, doppio schermo, ossessione anti-piega<\/h2>\n\n\n\n<p>Il design pi\u00f9 plausibile \u00e8 quello a <strong>\u201clibro\u201d<\/strong>: chiuso \u00e8 uno smartphone, aperto diventa una mini-tablet. Le dimensioni che ricorrono pi\u00f9 spesso: <strong>circa 5,5 pollici<\/strong> per lo schermo esterno e <strong>7,8 pollici<\/strong> per quello interno. Un\u2019altra fuga parla di <strong>5,3 \/ 7,7 pollici<\/strong>. Cambia poco: l\u2019idea \u00e8 un display interno grande, vicino a un piccolo iPad, ma senza arrivare a formati enormi.<\/p>\n\n\n\n<p>Dove Apple vorrebbe davvero fare la differenza \u00e8 sulla <strong>visibilit\u00e0 della piega<\/strong>. Diverse fonti parlano di un pannello interno quasi \u201csenza piega\u201d, grazie a una piastra metallica che distribuisce lo stress e a una cerniera pi\u00f9 robusta. Si citano anche materiali tipo <strong>\u201cliquid metal\u201d<\/strong> e un telaio che potrebbe usare il <strong>titanio<\/strong> (con dibattito su quanto e dove). E, come \u00e8 logico aspettarsi, si parla di uno strato protettivo pi\u00f9 resistente: film in poliimmide sopra vetro ultra-sottile, o soluzioni simili.<\/p>\n\n\n\n<p>Per la biometria, la scelta pi\u00f9 sensata (e pi\u00f9 citata) sarebbe <strong>Touch ID sul tasto laterale<\/strong>, per risparmiare spazio e complessit\u00e0. Integrare Face ID su un pieghevole senza compromessi di spessore non \u00e8 banale.<\/p>\n\n\n\n<h2 class=\"wp-block-heading\"><strong>Fotocamere, rete, batteria: Apple vuole evitare il clich\u00e9 del pieghevole \u201cdelicato\u201d<\/strong><\/h2>\n\n\n\n<p>Sulle fotocamere, lo stile sarebbe molto Apple: niente fuochi d\u2019artificio inutili, ma un set pulito. Si parla di <strong>due sensori posteriori<\/strong> e <strong>due fotocamere frontali<\/strong> (una utilizzabile da chiuso e una lato schermo interno). Alcune indiscrezioni citano <strong>48 MP<\/strong> per entrambe le camere posteriori. Per la camera interna, addirittura, circola l\u2019idea di una soluzione <strong>sotto al display<\/strong>, mentre lo schermo esterno avrebbe un foro\/punch-hole.<\/p>\n\n\n\n<p>Sul fronte connettivit\u00e0, un punto interessante: l\u2019iPhone Fold potrebbe usare un <strong>modem Apple di nuova generazione (C2)<\/strong>, con benefici su efficienza energetica. E quasi certamente niente carrellino fisico: <strong>solo eSIM<\/strong>.<\/p>\n\n\n\n<p>La batteria \u00e8 un capitolo fondamentale sui pieghevoli. Apple starebbe lavorando su celle ad <strong>alta densit\u00e0<\/strong> e alcune stime parlano di <strong>5.400\u20135.800 mAh<\/strong>. Sarebbe, sulla carta, <strong>la batteria pi\u00f9 grande mai vista su iPhone<\/strong>. L\u2019obiettivo \u00e8 ovvio: non puoi presentare un dispositivo premium che muore alle 17.<\/p>\n\n\n\n<h2 class=\"wp-block-heading\"><strong>FAQ<\/strong><\/h2>\n\n\n\n<p><strong>iPhone Fold uscir\u00e0 davvero nel 2026?<\/strong><\/p>\n\n\n\n<p>\u00c8 la finestra pi\u00f9 citata (soprattutto fine 2026), ma un rinvio al 2027 resta possibile se cerniera o display causassero ritardi.<\/p>\n\n\n\n<p><strong>Quanto potrebbe costare?<\/strong><br>Le indiscrezioni convergono su una fascia molto alta: circa 2.000\u20132.500 $ negli USA, a seconda delle stime.<\/p>\n\n\n\n<p><strong>Che formato adotter\u00e0 Apple?<\/strong><br>Quasi tutte le voci puntano sul formato \u201clibro\u201d: schermo esterno da smartphone e display interno grande, tipo mini-tablet.<\/p>\n\n\n\n<p><strong>Touch ID o Face ID?<\/strong><br>La pista pi\u00f9 credibile parla di Touch ID sul tasto laterale, soprattutto per motivi di spazio e integrazione.<\/p>\n\n\n\n<h2 class=\"wp-block-heading\"><strong>Considerazioni finali<\/strong><\/h2>\n\n\n\n<p>Io vedo l\u2019iPhone Fold come una prova di credibilit\u00e0 pi\u00f9 che un semplice \u201cnuovo modello\u201d. Apple, con un prezzo del genere, non pu\u00f2 permettersi un pieghevole \u201ccarino ma imperfetto\u201d: basta una piega evidente, una cerniera cos\u00ec cos\u00ec o un\u2019autonomia mediocre per trasformarlo in un meme costoso. Se per\u00f2 riesce davvero a portare un display quasi senza piega e una batteria all\u2019altezza, pu\u00f2 rendere il pieghevole finalmente desiderabile anche fuori dalla nicchia. Se no, rester\u00e0 un prodotto vetrina\u2026 e pure un po\u2019 scomodo da giustificare.<\/p>\n","protected":false},"excerpt":{"rendered":"<p>Apple e il pieghevole, diciamolo, \u00e8 una di quelle storie che sembrano sempre l\u00ec l\u00ec per succedere. Solo che, stavolta, i segnali stanno diventando pi\u00f9 concreti: diversi analisti parlano di fasi industriali gi\u00e0 avviate, alcune indiscrezioni descrivono una scheda tecnica piuttosto coerente e perfino il calendario di lancio degli iPhone potrebbe essere riorganizzato per fargli spazio. Quindi s\u00ec: l\u2019iPhone Fold non \u00e8 pi\u00f9 solo \u201cfantascienza da rumor\u201d, ma un prodotto che inizia a prendere forma (pur restando, per ora, nel campo delle anticipazioni).<\/p>\n","protected":false},"author":1,"featured_media":865,"comment_status":"open","ping_status":"closed","sticky":false,"template":"","format":"standard","meta":{"footnotes":""},"categories":[42],"tags":[],"class_list":{"0":"post-866","1":"post","2":"type-post","3":"status-publish","4":"format-standard","5":"has-post-thumbnail","7":"category-news"},"_links":{"self":[{"href":"https:\/\/mag.certideal.com\/it\/wp-json\/wp\/v2\/posts\/866","targetHints":{"allow":["GET"]}}],"collection":[{"href":"https:\/\/mag.certideal.com\/it\/wp-json\/wp\/v2\/posts"}],"about":[{"href":"https:\/\/mag.certideal.com\/it\/wp-json\/wp\/v2\/types\/post"}],"author":[{"embeddable":true,"href":"https:\/\/mag.certideal.com\/it\/wp-json\/wp\/v2\/users\/1"}],"replies":[{"embeddable":true,"href":"https:\/\/mag.certideal.com\/it\/wp-json\/wp\/v2\/comments?post=866"}],"version-history":[{"count":1,"href":"https:\/\/mag.certideal.com\/it\/wp-json\/wp\/v2\/posts\/866\/revisions"}],"predecessor-version":[{"id":867,"href":"https:\/\/mag.certideal.com\/it\/wp-json\/wp\/v2\/posts\/866\/revisions\/867"}],"wp:featuredmedia":[{"embeddable":true,"href":"https:\/\/mag.certideal.com\/it\/wp-json\/wp\/v2\/media\/865"}],"wp:attachment":[{"href":"https:\/\/mag.certideal.com\/it\/wp-json\/wp\/v2\/media?parent=866"}],"wp:term":[{"taxonomy":"category","embeddable":true,"href":"https:\/\/mag.certideal.com\/it\/wp-json\/wp\/v2\/categories?post=866"},{"taxonomy":"post_tag","embeddable":true,"href":"https:\/\/mag.certideal.com\/it\/wp-json\/wp\/v2\/tags?post=866"}],"curies":[{"name":"wp","href":"https:\/\/api.w.org\/{rel}","templated":true}]}}