{"id":839,"date":"2026-02-20T16:18:05","date_gmt":"2026-02-20T15:18:05","guid":{"rendered":"https:\/\/mag.certideal.com\/?p=839"},"modified":"2026-02-20T16:25:29","modified_gmt":"2026-02-20T15:25:29","slug":"riconoscimento-facciale-sugli-occhiali-meta-il-plus-che-puo-far-deragliare-tutto","status":"publish","type":"post","link":"https:\/\/mag.certideal.com\/it\/riconoscimento-facciale-sugli-occhiali-meta-il-plus-che-puo-far-deragliare-tutto\/","title":{"rendered":"Riconoscimento facciale sugli occhiali Meta: il \u201cplus\u201d che pu\u00f2 far deragliare tutto"},"content":{"rendered":"\n<p>Gli <strong>occhiali smart<\/strong> stanno vivendo un momento strano, e in parte bellissimo. Dopo anni di prototipi goffi e prodotti troppo \u201cda nerd\u201d, finalmente si \u00e8 arrivati a una formula che funziona: una montatura che sembra una normale Ray-Ban, con fotocamera, microfoni, altoparlanti e un livello di IA capace di capire (pi\u00f9 o meno) cosa stai guardando. Tecnologicamente, \u00e8 il timing giusto.<\/p>\n\n\n\n<p>Il problema \u00e8 che Meta sembra voler spingere verso un salto ben pi\u00f9 delicato: <strong>la riconoscimento facciale<\/strong> sugli occhiali. E questo, anche solo come ipotesi, cambia la natura dell\u2019oggetto. Secondo indiscrezioni riportate dalla stampa, Meta starebbe valutando una funzione interna soprannominata \u201cName Tag\u201d, in grado di identificare persone tramite l\u2019assistente integrato, anche partendo da profili pubblici presenti sulle piattaforme Meta.<\/p>\n\n\n\n<p>A quel punto non si parla pi\u00f9 di gadget \u201ccomodo\u201d. Si parla di una scelta che decide se il mondo diventa, per impostazione predefinita, <strong>scannerizzabile<\/strong>.<\/p>\n\n\n\n<h2 class=\"wp-block-heading\"><strong>Perch\u00e9 questi occhiali sono diversi (e quindi pi\u00f9 sensibili)<\/strong><\/h2>\n\n\n\n<p>L\u2019obiezione classica \u00e8 sempre la stessa: \u201cIl tuo telefono filma gi\u00e0\u201d. Vero, ma con un telefono c\u2019\u00e8 una gestualit\u00e0 evidente: lo tiri fuori, lo punti, lo rimetti in tasca. Gli occhiali invece stanno sul volto. La ripresa diventa <strong>senza attrito<\/strong>, quasi invisibile, soprattutto quando il prodotto \u00e8 progettato per confondersi con una montatura normale.<\/p>\n\n\n\n<p>In teoria esiste un freno sociale: una piccola <strong>spia LED<\/strong> che si accende quando registri. In pratica \u00e8 qui che le cose si complicano. Perch\u00e9 quella luce pu\u00f2 essere poco visibile nella vita reale, e perch\u00e9 circolano da tempo racconti e test che mostrano quanto sia facile, in generale, aggirare \u201csegnali\u201d di questo tipo con modifiche o coperture. Meta, dal canto suo, ribadisce il tema della responsabilit\u00e0 e insiste sul fatto che la spia sia il guardrail principale. Nelle sue indicazioni ufficiali, l\u2019azienda suggerisce anche di spegnere gli occhiali in luoghi sensibili (ambulatori, spogliatoi, bagni pubblici, scuole, luoghi di culto).<\/p>\n\n\n\n<p>Il punto per\u00f2 resta: il sistema si regge molto sulla buona fede\u2026 e su un minuscolo puntino luminoso.<\/p>\n\n\n\n<h2 class=\"wp-block-heading\"><strong>\u201cName Tag\u201d: l\u2019idea semplice, la scatola di Pandora<\/strong><\/h2>\n\n\n\n<p>Dal punto di vista del \u201cprodotto\u201d, la tentazione \u00e8 ovvia: incroci qualcuno e gli occhiali ti sussurrano il suo nome. \u00c8 il tipo di funzione che, in certi contesti, sarebbe persino utile \u2014 e nel dibattito viene spesso citato anche l\u2019aspetto <strong>accessibilit\u00e0<\/strong> (per esempio per persone ipovedenti o con difficolt\u00e0 nel riconoscere i volti).<\/p>\n\n\n\n<p>Ma basta spostare il cursore di un millimetro e cambia tutto: identificare un\u2019estranea perch\u00e9 ha un profilo pubblico, collegare un volto a un account social, trasformare uno spazio pubblico in un elenco telefonico ambulante. Non \u00e8 fantascienza: abbiamo gi\u00e0 visto quanto velocemente si possa arrivare a scenari di doxxing quando metti insieme una camera \u201cindossabile\u201d e database pubblici. Se Meta lo rendesse una funzione integrata, la paura non \u00e8 tanto \u201csi pu\u00f2 fare\u201d, ma \u201csi normalizza\u201d.<\/p>\n\n\n\n<p>E quando una cosa si normalizza, diventa difficile tornare indietro.<\/p>\n\n\n\n<h2 class=\"wp-block-heading\"><strong>Meta si porta dietro una reputazione che rende tutto pi\u00f9 esplosivo<\/strong><\/h2>\n\n\n\n<p>Anche se a lanciare una riconoscimento facciale consumer fosse un altro attore, sarebbe un terremoto. Con Meta, \u00e8 ancora pi\u00f9 complicato perch\u00e9 la fiducia non \u00e8 esattamente il suo superpotere. La critica pi\u00f9 pesante non \u00e8 \u201c<strong>Meta inventa il male<\/strong>\u201d, ma \u201c<strong>Meta ha gi\u00e0 mostrato cosa succede quando la crescita vince sulla prudenza<\/strong>\u201d.<\/p>\n\n\n\n<p>In pi\u00f9 c\u2019\u00e8 un dettaglio molto concreto: negli ultimi anni, Meta ha reso pi\u00f9 aggressiva l\u2019integrazione dell\u2019IA nei suoi prodotti, e le scelte di default contano. Se una funzione \u00e8 attiva per impostazione predefinita, nella vita reale diventa \u201clo standard\u201d, anche per chi non ci ha mai davvero riflettuto. \u00c8 qui che la discussione smette di essere tecnica e diventa sociale: il contesto quotidiano non \u00e8 un laboratorio, \u00e8 pieno di persone che non hanno chiesto di essere parte dell\u2019esperimento.<\/p>\n\n\n\n<h2 class=\"wp-block-heading\"><strong>La legge non \u00e8 pronta, e la biometria cambia le regole<\/strong><\/h2>\n\n\n\n<p>In Europa la biometria ha gi\u00e0 uno status speciale: quando si trattano <strong>dati biometrici per identificare in modo univoco<\/strong> una persona, si entra in un territorio molto sensibile anche dal punto di vista del GDPR. E con l\u2019AI Act europeo, l\u2019idea di costruire o espandere sistemi di riconoscimento facciale tramite raccolta massiva di immagini pubbliche \u00e8 stata messa sotto una lente ancora pi\u00f9 severa.<\/p>\n\n\n\n<p>Soprattutto, la riconoscimento facciale rompe l\u2019ambiguit\u00e0 del \u201csto solo riprendendo una scena\u201d. Trasforma l\u2019immagine in una <strong>richiesta<\/strong>: \u201cChi \u00e8 questa persona?\u201d. Culturalmente non siamo pronti a vivere in un mondo dove questa domanda \u00e8 sempre a portata di voce. Tecnicamente, invece, ci siamo quasi gi\u00e0.<\/p>\n\n\n\n<h2 class=\"wp-block-heading\"><strong>FAQ<\/strong><\/h2>\n\n\n\n<p><strong>Gli occhiali Ray-Ban Meta fanno gi\u00e0 riconoscimento facciale?<\/strong><br>Per quanto comunicato finora, no: oggi non risulterebbe una funzione di identificazione automatica delle persone integrata e disponibile al pubblico. Le discussioni riguardano una funzionalit\u00e0 in valutazione (\u201cName Tag\u201d) emersa da indiscrezioni e ricostruzioni giornalistiche.<\/p>\n\n\n\n<p><strong>Che cos\u2019\u00e8 \u201cName Tag\u201d, in parole semplici?<\/strong><br>L\u2019idea, secondo quanto riportato, \u00e8 una funzione che permetterebbe all\u2019assistente IA di riconoscere o identificare persone, attingendo anche a informazioni legate a profili pubblici o contatti collegati all\u2019ecosistema Meta.<\/p>\n\n\n\n<p><strong>La spia LED di registrazione \u00e8 un vero \u201cparacadute\u201d?<\/strong><br>\u00c8 un segnale, non una garanzia assoluta. Se \u00e8 poco visibile o aggirabile, perde valore come meccanismo sociale di consenso implicito.<\/p>\n\n\n\n<p><strong>Perch\u00e9 il riconoscimento facciale cambia cos\u00ec tanto il dibattito?<\/strong><br>Perch\u00e9 si passa dal \u201cregistrare\u201d all\u2019\u201cidentificare\u201d. E l\u2019identificazione biometrica ha implicazioni enormi: privacy, sicurezza, stalking, profilazione, oltre a un quadro normativo molto pi\u00f9 rigido (soprattutto in UE).<\/p>\n\n\n\n<p><strong>Sarebbe legale in Europa?<\/strong><br>Dipende da come viene implementato, con quali basi giuridiche, quali limitazioni, e soprattutto se si entra nel trattamento di dati biometrici per identificazione univoca. In quel caso, la soglia di conformit\u00e0 e rischio si alza parecchio.<\/p>\n\n\n\n<h2 class=\"wp-block-heading\"><strong>Considerazioni finali<\/strong><\/h2>\n\n\n\n<p>La parte quasi tragica \u00e8 che Meta, con queste Ray-Ban \u201cintelligenti\u201d, potrebbe aver finalmente trovato il formato giusto: utile, indossabile, non ridicolo. Eppure il riconoscimento facciale rischia di far ripartire da capo la storia, come ai tempi di Google Glass, solo con molta pi\u00f9 potenza e molta pi\u00f9 infrastruttura sociale alle spalle. La mia impressione \u00e8 netta: se Meta spinge davvero su \u201cName Tag\u201d, non sar\u00e0 \u201cuna feature in pi\u00f9\u201d. Sar\u00e0 una frattura culturale. E onestamente Meta non \u00e8 l\u2019azienda che sceglierei per gestire con tatto e misura una frattura del genere.<\/p>\n","protected":false},"excerpt":{"rendered":"<p>Gli occhiali smart stanno vivendo un momento strano, e in parte bellissimo. Dopo anni di prototipi goffi e prodotti troppo \u201cda nerd\u201d, finalmente si \u00e8 arrivati a una formula che funziona: una montatura che sembra una normale Ray-Ban, con fotocamera, microfoni, altoparlanti e un livello di IA capace di capire (pi\u00f9 o meno) cosa stai guardando. Tecnologicamente, \u00e8 il timing giusto.<\/p>\n<p>Il problema \u00e8 che Meta sembra voler spingere verso un salto ben pi\u00f9 delicato: la riconoscimento facciale sugli occhiali. E questo, anche solo come ipotesi, cambia la natura dell\u2019oggetto. Secondo indiscrezioni riportate dalla stampa, Meta starebbe valutando una funzione interna soprannominata \u201cName Tag\u201d, in grado di identificare persone tramite l\u2019assistente integrato, anche partendo da profili pubblici presenti sulle piattaforme Meta.<\/p>\n","protected":false},"author":1,"featured_media":838,"comment_status":"open","ping_status":"closed","sticky":false,"template":"","format":"standard","meta":{"footnotes":""},"categories":[42],"tags":[],"class_list":{"0":"post-839","1":"post","2":"type-post","3":"status-publish","4":"format-standard","5":"has-post-thumbnail","7":"category-news"},"_links":{"self":[{"href":"https:\/\/mag.certideal.com\/it\/wp-json\/wp\/v2\/posts\/839","targetHints":{"allow":["GET"]}}],"collection":[{"href":"https:\/\/mag.certideal.com\/it\/wp-json\/wp\/v2\/posts"}],"about":[{"href":"https:\/\/mag.certideal.com\/it\/wp-json\/wp\/v2\/types\/post"}],"author":[{"embeddable":true,"href":"https:\/\/mag.certideal.com\/it\/wp-json\/wp\/v2\/users\/1"}],"replies":[{"embeddable":true,"href":"https:\/\/mag.certideal.com\/it\/wp-json\/wp\/v2\/comments?post=839"}],"version-history":[{"count":1,"href":"https:\/\/mag.certideal.com\/it\/wp-json\/wp\/v2\/posts\/839\/revisions"}],"predecessor-version":[{"id":840,"href":"https:\/\/mag.certideal.com\/it\/wp-json\/wp\/v2\/posts\/839\/revisions\/840"}],"wp:featuredmedia":[{"embeddable":true,"href":"https:\/\/mag.certideal.com\/it\/wp-json\/wp\/v2\/media\/838"}],"wp:attachment":[{"href":"https:\/\/mag.certideal.com\/it\/wp-json\/wp\/v2\/media?parent=839"}],"wp:term":[{"taxonomy":"category","embeddable":true,"href":"https:\/\/mag.certideal.com\/it\/wp-json\/wp\/v2\/categories?post=839"},{"taxonomy":"post_tag","embeddable":true,"href":"https:\/\/mag.certideal.com\/it\/wp-json\/wp\/v2\/tags?post=839"}],"curies":[{"name":"wp","href":"https:\/\/api.w.org\/{rel}","templated":true}]}}