{"id":824,"date":"2026-02-13T16:56:56","date_gmt":"2026-02-13T15:56:56","guid":{"rendered":"https:\/\/mag.certideal.com\/?p=824"},"modified":"2026-02-13T16:59:45","modified_gmt":"2026-02-13T15:59:45","slug":"nuovi-ipad-in-arrivo-a18-sul-modello-base-e-m4-su-ipad-air-ma-la-vera-novita-e-lai","status":"publish","type":"post","link":"https:\/\/mag.certideal.com\/it\/nuovi-ipad-in-arrivo-a18-sul-modello-base-e-m4-su-ipad-air-ma-la-vera-novita-e-lai\/","title":{"rendered":"Nuovi iPad in arrivo: A18 sul modello base e M4 su iPad Air, ma la vera novit\u00e0 \u00e8 l\u2019AI"},"content":{"rendered":"\n<p>Se stai per comprare un iPad \u201cnormale\u201d o un iPad Air, questo \u00e8 uno di quei momenti in cui conviene almeno alzare un sopracciglio. Le indiscrezioni pi\u00f9 recenti puntano a un refresh <strong>piuttosto vicino<\/strong> (finestra tipica: fine inverno \/ inizio primavera), con una scelta Apple molto\u2026 Apple: <strong>tutto dentro, quasi niente fuori<\/strong>.<\/p>\n\n\n\n<p>Tradotto: niente rivoluzioni estetiche, ma un salto di chip che cambia soprattutto una cosa: <strong>quali funzioni software puoi usare<\/strong>. E s\u00ec, questa volta il tema caldo \u00e8 Apple Intelligence, non i colori della scocca.<\/p>\n\n\n\n<h2 class=\"wp-block-heading\"><strong>Cosa cambierebbe davvero: A18 sul base iPad<\/strong><\/h2>\n\n\n\n<p>Il modello \u201centry\u201d di iPad (quello che in tanti comprano per casa, scuola, Netflix e note) dovrebbe passare da <strong>A16 ad A18<\/strong>. Sulla carta \u00e8 una botta secca di potenza, ma la parte interessante non \u00e8 il benchmark: \u00e8 la compatibilit\u00e0.<\/p>\n\n\n\n<p>Perch\u00e9 A18 significa, molto probabilmente, un iPad base finalmente \u201cpronto\u201d per le funzioni di <strong>Apple Intelligence<\/strong>. E qui si apre un capitolo enorme: negli ultimi mesi Apple ha spinto parecchio su elaborazione on-device, strumenti di scrittura, riassunti, immagini, e soprattutto sul futuro di Siri (che, diciamolo, \u00e8 il vero banco di prova). Se il nuovo iPad base entra in quel club, smette di essere \u201cl\u2019iPad economico che fa tutto\u201d e diventa \u201cl\u2019iPad economico che fa anche le cose nuove\u201d.<\/p>\n\n\n\n<p>C\u2019\u00e8 anche un altro aspetto che potrebbe accompagnare questo salto: <strong>pi\u00f9 RAM<\/strong> (si parla spesso di 8 GB come soglia \u201cminima sensata\u201d per certe funzioni AI). Non \u00e8 un dettaglio da nerd: la RAM \u00e8 uno dei motivi per cui alcuni modelli recenti si sentono pi\u00f9 longevi di altri.<\/p>\n\n\n\n<h2 class=\"wp-block-heading\"><strong>iPad Air: M4 e basta? Quasi<\/strong><\/h2>\n\n\n\n<p>Sul fronte iPad Air, il quadro sembra ancora pi\u00f9 lineare: passaggio da <strong>M3 a M4<\/strong>. Ottimo chip, nulla da dire. Il punto \u00e8 che l\u2019Air gi\u00e0 oggi \u00e8 \u201ctroppo potente\u201d per l\u2019uso medio: posta elettronica, browser con 18 tab, appunti, Canva, un po\u2019 di foto\u2026 tutto scorre gi\u00e0 benissimo.<\/p>\n\n\n\n<p>Quindi perch\u00e9 M4? Per due motivi plausibili:<\/p>\n\n\n\n<ul class=\"wp-block-list\">\n<li><strong>Allineamento di gamma<\/strong>: Apple ama semplificare messaggi e piattaforme (sviluppatori, feature, marketing).<\/li>\n\n\n\n<li><strong>AI e acceleratori<\/strong>: l\u2019M4 \u00e8 pensato per carichi moderni, e l\u2019AI \u00e8 la scusa perfetta per mettere potenza dove prima sembrava eccessiva.<\/li>\n<\/ul>\n\n\n\n<p>Non aspettarti per\u00f2 un iPad Air trasformato in \u201cmini Pro\u201d: le voci insistono che restino fuori cose come <strong>Face ID<\/strong> e <strong>ProMotion<\/strong>. Apple sa esattamente cosa deve rimanere esclusivo dei Pro.<\/p>\n\n\n\n<h2 class=\"wp-block-heading\"><strong>Design e display: la calma piatta continua<\/strong><\/h2>\n\n\n\n<p>Qui la storia \u00e8 un po\u2019 noiosa, e forse \u00e8 proprio il messaggio: <strong>nessun redesign importante<\/strong> in vista. L\u2019iPad base continuerebbe con compromessi classici (tipo display non laminato), mentre l\u2019Air resterebbe sulla linea che conosciamo.<\/p>\n\n\n\n<p>Sui display OLED, invece, bisogna essere sobri: le aspettative ci sono (e la catena di fornitura si muove), ma l\u2019idea pi\u00f9 credibile \u00e8 che <strong>non sia questo il giro<\/strong> per iPad e iPad Air. Se arriver\u00e0, potrebbe essere una \u201cstagione successiva\u201d, non il refresh imminente.<\/p>\n\n\n\n<h2 class=\"wp-block-heading\"><strong>Quando arrivano e cosa conviene fare adesso<\/strong><\/h2>\n\n\n\n<p>La finestra pi\u00f9 citata \u00e8 <strong>inizio marzo 2026<\/strong>, anche perch\u00e9 Apple spesso piazza i refresh \u201cnon-evento\u201d in quel periodo (annunci rapidi, comunicati, poca teatralit\u00e0). Detto questo: comprare oggi \u00e8 davvero un errore?<\/p>\n\n\n\n<p>Dipende da quale iPad stai guardando:<\/p>\n\n\n\n<ul class=\"wp-block-list\">\n<li><strong>Vuoi l\u2019iPad base<\/strong> e ti interessa l\u2019AI (o vuoi tenerlo 4\u20135 anni): aspettare ha senso, perch\u00e9 A18\/AI potrebbe essere il vero \u201ctaglio col passato\u201d.<\/li>\n\n\n\n<li><strong>Vuoi iPad Air<\/strong> e lo userai per cose normali o semi-pro leggere: onestamente, l\u2019M3 gi\u00e0 oggi \u00e8 un treno. Se trovi un buon prezzo, non mi farei troppe paranoie.<\/li>\n\n\n\n<li><strong>Stai aggiornando un iPad vecchio (3\u20134 generazioni fa)<\/strong>: qualsiasi scelta sar\u00e0 un salto, quindi qui contano pi\u00f9 le offerte e la disponibilit\u00e0.<\/li>\n<\/ul>\n\n\n\n<h2 class=\"wp-block-heading\"><strong>FAQ nuovi iPad 2026<\/strong><\/h2>\n\n\n\n<p><strong>Quando potrebbero uscire i nuovi iPad?<\/strong><br>Le indiscrezioni puntano a un lancio tra fine inverno e inizio primavera, con una finestra molto probabile a inizio marzo 2026.<\/p>\n\n\n\n<p><strong>L\u2019iPad base avr\u00e0 Apple Intelligence?<\/strong><br>Se davvero passa ad A18 (e con la dotazione tecnica giusta), l\u2019ipotesi pi\u00f9 concreta \u00e8 che Apple Intelligence arrivi anche sul modello entry.<\/p>\n\n\n\n<p><strong>iPad Air con M4: si noter\u00e0 davvero la differenza rispetto a M3?<\/strong><br>Nell\u2019uso quotidiano tipico, poco. La differenza ha pi\u00f9 senso su carichi pesanti o scenari legati ad AI\/accelerazione.<\/p>\n\n\n\n<p><strong>Ci saranno cambiamenti di design?<\/strong><br>Al momento non emergono segnali forti di redesign. Sembra un refresh \u201cinterno\u201d.<\/p>\n\n\n\n<p><strong>Meglio comprare ora o aspettare?<\/strong><br>Per l\u2019iPad base, aspettare pu\u00f2 valere la pena se vuoi la compatibilit\u00e0 AI. Per iPad Air, spesso conviene scegliere in base a prezzo e urgenza.<\/p>\n\n\n\n<h2 class=\"wp-block-heading\"><strong>Considerazioni finali<\/strong><\/h2>\n\n\n\n<p>Questa storia dei refresh \u201csilenziosi\u201d dice molto su Apple: in questo momento l\u2019azienda sembra voler <strong>spostare il valore dal metallo al software<\/strong>, e per farlo ha bisogno di chip uniformi e sufficientemente moderni in tutta la gamma. Personalmente la mossa sull\u2019iPad base mi intriga pi\u00f9 dell\u2019Air: non perch\u00e9 A18 sia magico, ma perch\u00e9 finalmente si smette di trattare l\u2019iPad economico come un dispositivo \u201cdi serie B\u201d sul futuro delle funzioni. Se poi Siri rinasce davvero (e qui il condizionale \u00e8 d\u2019obbligo), allora s\u00ec che quel chip diventa improvvisamente importante.<\/p>\n","protected":false},"excerpt":{"rendered":"<p>Se stai per comprare un iPad \u201cnormale\u201d o un iPad Air, questo \u00e8 uno di quei momenti in cui conviene almeno alzare un sopracciglio. Le indiscrezioni pi\u00f9 recenti puntano a un refresh piuttosto vicino (finestra tipica: fine inverno \/ inizio primavera), con una scelta Apple molto\u2026 Apple: tutto dentro, quasi niente fuori.<\/p>\n<p>Tradotto: niente rivoluzioni estetiche, ma un salto di chip che cambia soprattutto una cosa: quali funzioni software puoi usare. E s\u00ec, questa volta il tema caldo \u00e8 Apple Intelligence, non i colori della scocca.<\/p>\n","protected":false},"author":1,"featured_media":823,"comment_status":"open","ping_status":"closed","sticky":false,"template":"","format":"standard","meta":{"footnotes":""},"categories":[42],"tags":[],"class_list":{"0":"post-824","1":"post","2":"type-post","3":"status-publish","4":"format-standard","5":"has-post-thumbnail","7":"category-news"},"_links":{"self":[{"href":"https:\/\/mag.certideal.com\/it\/wp-json\/wp\/v2\/posts\/824","targetHints":{"allow":["GET"]}}],"collection":[{"href":"https:\/\/mag.certideal.com\/it\/wp-json\/wp\/v2\/posts"}],"about":[{"href":"https:\/\/mag.certideal.com\/it\/wp-json\/wp\/v2\/types\/post"}],"author":[{"embeddable":true,"href":"https:\/\/mag.certideal.com\/it\/wp-json\/wp\/v2\/users\/1"}],"replies":[{"embeddable":true,"href":"https:\/\/mag.certideal.com\/it\/wp-json\/wp\/v2\/comments?post=824"}],"version-history":[{"count":1,"href":"https:\/\/mag.certideal.com\/it\/wp-json\/wp\/v2\/posts\/824\/revisions"}],"predecessor-version":[{"id":825,"href":"https:\/\/mag.certideal.com\/it\/wp-json\/wp\/v2\/posts\/824\/revisions\/825"}],"wp:featuredmedia":[{"embeddable":true,"href":"https:\/\/mag.certideal.com\/it\/wp-json\/wp\/v2\/media\/823"}],"wp:attachment":[{"href":"https:\/\/mag.certideal.com\/it\/wp-json\/wp\/v2\/media?parent=824"}],"wp:term":[{"taxonomy":"category","embeddable":true,"href":"https:\/\/mag.certideal.com\/it\/wp-json\/wp\/v2\/categories?post=824"},{"taxonomy":"post_tag","embeddable":true,"href":"https:\/\/mag.certideal.com\/it\/wp-json\/wp\/v2\/tags?post=824"}],"curies":[{"name":"wp","href":"https:\/\/api.w.org\/{rel}","templated":true}]}}