{"id":811,"date":"2026-02-13T16:41:41","date_gmt":"2026-02-13T15:41:41","guid":{"rendered":"https:\/\/mag.certideal.com\/?p=811"},"modified":"2026-02-13T16:44:49","modified_gmt":"2026-02-13T15:44:49","slug":"apple-rilancia-il-macbook-il-portatile-economico-che-puo-cambiare-la-gamma-nel-2026","status":"publish","type":"post","link":"https:\/\/mag.certideal.com\/it\/apple-rilancia-il-macbook-il-portatile-economico-che-puo-cambiare-la-gamma-nel-2026\/","title":{"rendered":"Apple rilancia il MacBook: il portatile economico che pu\u00f2 cambiare la gamma nel 2026"},"content":{"rendered":"\n<p>Se hai avuto un debole per il <strong>MacBook 12 pollici<\/strong> del 2015, capisco perfettamente: era quel tipo di prodotto \u201ctroppo avanti\u201d, uno di quelli che Apple tirava fuori quando voleva dimostrare qualcosa al mondo. Sottile, leggero, Retina, minimalista fino all\u2019ossessione. Il problema? A conti fatti, era anche un concentrato di compromessi che nessuno aveva chiesto in quel modo.<\/p>\n\n\n\n<p>Adesso per\u00f2 gira una voce interessante: <strong>Apple starebbe preparando un nuovo portatile chiamato semplicemente \u201cMacBook\u201d<\/strong>, con un\u2019idea molto diversa rispetto al passato. Non pi\u00f9 \u201cil futuro del notebook\u201d, ma <strong>un Mac finalmente accessibile<\/strong>, pensato per chi oggi vive di iPhone e magari tira avanti con un PC economico, un Chromebook\u2026 o niente.<\/p>\n\n\n\n<p>E s\u00ec: la parte pi\u00f9 gustosa \u00e8 che potrebbe farlo <strong>senza ripetere gli errori storici<\/strong>.<\/p>\n\n\n\n<h2 class=\"wp-block-heading\"><strong>Il MacBook del 2015 era bellissimo\u2026 e pieno di trappole<\/strong><\/h2>\n\n\n\n<p>Il MacBook \u201cone-port-to-rule-them-all\u201d \u00e8 rimasto famoso per quattro cose (alcune romantiche, altre da incubo):<\/p>\n\n\n\n<ul class=\"wp-block-list\">\n<li><strong>Tastiera butterfly<\/strong>: sottile e \u201ccliccosa\u201d, ma fragile. Bastava polvere, briciole o sfortuna per ritrovarsi con tasti che si impuntavano o smettevano di rispondere.<\/li>\n\n\n\n<li><strong>Intel Core M<\/strong>: consumava poco, ok, ma era anche <strong>un freno a mano tirato<\/strong> appena aprivi pi\u00f9 di due cose insieme.<\/li>\n\n\n\n<li><strong>Una sola USB-C<\/strong>: la stessa per caricare e collegare accessori. Tradotto: o ricarichi, o vivi di dongle e speranza.<\/li>\n\n\n\n<li><strong>Prezzo premium<\/strong>: e qui sta la beffa. Costava tanto quanto un portatile \u201cvero\u201d, ma non si comportava come tale.<\/li>\n<\/ul>\n\n\n\n<p>La cosa ironica \u00e8 che quel MacBook sembrava il successore naturale del MacBook Air. In pratica, \u00e8 stato il contrario: <strong>l\u2019Air \u00e8 sopravvissuto<\/strong>, si \u00e8 evoluto, e il MacBook 12&#8243; \u00e8 finito nel cassetto dei \u201cprodotti coraggiosi ma problematici\u201d.<\/p>\n\n\n\n<h2 class=\"wp-block-heading\"><strong>Perch\u00e9 il nuovo MacBook potrebbe essere l\u2019anti-2015<\/strong><\/h2>\n\n\n\n<p>Il punto chiave del rumor \u00e8 proprio questo: <strong>Apple non sta cercando di fare l\u2019oggetto manifesto<\/strong>, sta cercando di fare un <strong>Mac d\u2019ingresso<\/strong>.<\/p>\n\n\n\n<p>E oggi, rispetto al 2015, sono cambiate tre cose enormi.<\/p>\n\n\n\n<h3 class=\"wp-block-heading\"><strong>1) Apple Silicon ha reso \u201cil minimo\u201d molto pi\u00f9 alto<\/strong><\/h3>\n\n\n\n<p>Se davvero l\u2019idea \u00e8 usare un chip di classe iPhone (si parla di A18 Pro o qualcosa di simile), non farti ingannare dal nome. Con l\u2019evoluzione di iOS e iPhone negli ultimi anni, questi SoC sono diventati <strong>mostri di efficienza<\/strong> e, soprattutto, sufficientemente potenti per:<\/p>\n\n\n\n<ul class=\"wp-block-list\">\n<li>studio e navigazione seria con tante tab aperte<\/li>\n\n\n\n<li>Office\/Google Docs<\/li>\n\n\n\n<li>foto leggere (e anche un po\u2019 di editing, se ben ottimizzato)<\/li>\n\n\n\n<li>streaming, chiamate, gestione documenti<\/li>\n<\/ul>\n\n\n\n<p>Non \u00e8 un portatile per montare cinema in 8K, ma qui il target non \u00e8 quello.<\/p>\n\n\n\n<h3 class=\"wp-block-heading\"><strong>2) La tastiera oggi \u00e8 un capitolo chiuso (o quasi)<\/strong><\/h3>\n\n\n\n<p>Apple ha gi\u00e0 fatto marcia indietro rispetto alla butterfly: la linea attuale usa meccanismi pi\u00f9 affidabili. Traduzione pratica: il nuovo MacBook dovrebbe nascere con una tastiera \u201cnormale\u201d, senza quel rischio strutturale che ha rovinato la reputazione di un\u2019intera generazione.<\/p>\n\n\n\n<h3 class=\"wp-block-heading\"><strong>3) Le porte nel 2026 non sono pi\u00f9 un atto ideologico<\/strong><\/h3>\n\n\n\n<p>Nel 2015 una sola USB-C era quasi un manifesto. Nel 2026 sarebbe semplicemente ridicolo. Ed \u00e8 qui che le indiscrezioni diventano sensate: ci si aspetta <strong>almeno due USB-C<\/strong>, oppure un mix con <strong>MagSafe<\/strong> (anche solo per evitare l\u2019eterno \u201ccarico o collego?\u201d). E visto che USB-C \u00e8 diventato lo standard di fatto ovunque, l\u2019esperienza sarebbe comunque meno dolorosa rispetto a dieci anni fa.<\/p>\n\n\n\n<h2 class=\"wp-block-heading\"><strong>Il vero pezzo forte: prezzo e posizionamento<\/strong><\/h2>\n\n\n\n<p>Il rumor pi\u00f9 chiacchierato \u00e8 quello sul prezzo: <strong>circa 699 dollari<\/strong>. Se fosse anche solo \u201cnell\u2019ordine di grandezza\u201d, cambierebbe parecchio la storia.<\/p>\n\n\n\n<p>Perch\u00e9? Perch\u00e9 oggi il MacBook Air \u00e8 il \u201cMac per tutti\u201d, ma non \u00e8 economico per davvero. Un MacBook pi\u00f9 basso in gamma avrebbe un ruolo chiaro:<\/p>\n\n\n\n<ul class=\"wp-block-list\">\n<li><strong>primo Mac per studenti<\/strong><\/li>\n\n\n\n<li>portatile \u201cda casa\u201d per chi ha gi\u00e0 un desktop<\/li>\n\n\n\n<li>macchina leggera per viaggiare<\/li>\n\n\n\n<li>alternativa credibile ai notebook Windows da supermercato, con il vantaggio dell\u2019ecosistema Apple<\/li>\n<\/ul>\n\n\n\n<p>E qui arriva un dettaglio che mi fa sorridere: Apple potrebbe finalmente riportare in vita una parola che aveva perso significato, cio\u00e8 \u201cMacBook\u201d come categoria semplice, comprensibile. Air e Pro sono ottimi nomi, ma \u201cMacBook\u201d \u00e8 diretto, quasi rassicurante.<\/p>\n\n\n\n<h2 class=\"wp-block-heading\"><strong>Cosa potrebbe sacrificare Apple per arrivare a quel prezzo<\/strong><\/h2>\n\n\n\n<p>Se davvero l\u2019obiettivo \u00e8 un Mac sotto l\u2019Air, qualcosa deve \u201csaltare\u201d (o essere ridimensionato). Le ipotesi pi\u00f9 realistiche:<\/p>\n\n\n\n<ul class=\"wp-block-list\">\n<li>display meno spinto rispetto all\u2019Air (luminosit\u00e0\/refresh)<\/li>\n\n\n\n<li>storage base non generosissimo (classico Apple\u2026)<\/li>\n\n\n\n<li>meno opzioni di configurazione<\/li>\n\n\n\n<li>audio e webcam buoni ma non \u201cwow\u201d<\/li>\n<\/ul>\n\n\n\n<p>E va anche bene cos\u00ec, finch\u00e9 l\u2019esperienza resta coerente. Il MacBook del 2015 era frustrante perch\u00e9 chiedeva soldi da premium e offriva compromessi da prototipo. Questo nuovo, invece, sembra puntare a un patto pi\u00f9 onesto.<\/p>\n\n\n\n<h2 class=\"wp-block-heading\"><strong>FAQ<\/strong> <strong>nuovo MacBook<\/strong><\/h2>\n\n\n\n<p><strong>Quando potrebbe uscire il nuovo MacBook?<\/strong><br>Le indiscrezioni parlano di <strong>prima met\u00e0 del 2026<\/strong>, con possibilit\u00e0 di lancio \u201csoon\u201d (quindi non lontanissimo), ma senza una data ufficiale.<\/p>\n\n\n\n<p><strong>Che differenza ci sarebbe rispetto al MacBook Air?<\/strong><br>Sarebbe un modello <strong>pi\u00f9 economico e pi\u00f9 essenziale<\/strong>, con chip meno \u201cda Mac\u201d e pi\u00f9 \u201cda iPhone\u201d, ma comunque adeguato per uso quotidiano.<\/p>\n\n\n\n<p><strong>Avr\u00e0 ventole?<\/strong><br>Se monta un chip molto efficiente, \u00e8 plausibile un design <strong>fanless<\/strong> (senza ventole), come gi\u00e0 visto su alcuni modelli Air del passato.<\/p>\n\n\n\n<p><strong>\u00c8 adatto per lavoro serio (foto\/video\/programmazione)?<\/strong><br>Dipende da cosa intendi per \u201cserio\u201d. Per foto leggere e coding base s\u00ec. Per montaggio video pesante, 3D e workflow professionali\u2026 no, l\u00ec restano Air ben configurato o Pro.<\/p>\n\n\n\n<p><strong>Rischiamo un\u2019altra \u201ctastiera problema\u201d?<\/strong><br>Sarebbe sorprendente. Apple ha gi\u00e0 abbandonato la butterfly e oggi le tastiere sono molto pi\u00f9 affidabili.<\/p>\n\n\n\n<h2 class=\"wp-block-heading\"><strong>Considerazioni finali<\/strong><\/h2>\n\n\n\n<p>Io questa mossa la leggo cos\u00ec: Apple si \u00e8 stufata di lasciare l\u2019ingresso del mercato laptop a prodotti mediocri, quelli che compri perch\u00e9 costano poco e poi odi ogni singolo giorno. Un <strong>MacBook economico<\/strong>, fatto con compromessi sensati e con Apple Silicon, potrebbe diventare il portatile \u201cdi default\u201d per una quantit\u00e0 enorme di persone. Il paradosso \u00e8 che per far rinascere il MacBook, Apple deve smettere di trattarlo come un oggetto di design manifesto e iniziare a trattarlo come un prodotto pragmatico. Se ci riesce, potrebbe essere una delle scelte pi\u00f9 intelligenti del suo 2026.<\/p>\n","protected":false},"excerpt":{"rendered":"<p>Se hai avuto un debole per il MacBook 12 pollici del 2015, capisco perfettamente: era quel tipo di prodotto \u201ctroppo avanti\u201d, uno di quelli che Apple tirava fuori quando voleva dimostrare qualcosa al mondo. Sottile, leggero, Retina, minimalista fino all\u2019ossessione. Il problema? A conti fatti, era anche un concentrato di compromessi che nessuno aveva chiesto [&hellip;]<\/p>\n","protected":false},"author":1,"featured_media":810,"comment_status":"open","ping_status":"closed","sticky":false,"template":"","format":"standard","meta":{"footnotes":""},"categories":[42],"tags":[],"class_list":{"0":"post-811","1":"post","2":"type-post","3":"status-publish","4":"format-standard","5":"has-post-thumbnail","7":"category-news"},"_links":{"self":[{"href":"https:\/\/mag.certideal.com\/it\/wp-json\/wp\/v2\/posts\/811","targetHints":{"allow":["GET"]}}],"collection":[{"href":"https:\/\/mag.certideal.com\/it\/wp-json\/wp\/v2\/posts"}],"about":[{"href":"https:\/\/mag.certideal.com\/it\/wp-json\/wp\/v2\/types\/post"}],"author":[{"embeddable":true,"href":"https:\/\/mag.certideal.com\/it\/wp-json\/wp\/v2\/users\/1"}],"replies":[{"embeddable":true,"href":"https:\/\/mag.certideal.com\/it\/wp-json\/wp\/v2\/comments?post=811"}],"version-history":[{"count":1,"href":"https:\/\/mag.certideal.com\/it\/wp-json\/wp\/v2\/posts\/811\/revisions"}],"predecessor-version":[{"id":812,"href":"https:\/\/mag.certideal.com\/it\/wp-json\/wp\/v2\/posts\/811\/revisions\/812"}],"wp:featuredmedia":[{"embeddable":true,"href":"https:\/\/mag.certideal.com\/it\/wp-json\/wp\/v2\/media\/810"}],"wp:attachment":[{"href":"https:\/\/mag.certideal.com\/it\/wp-json\/wp\/v2\/media?parent=811"}],"wp:term":[{"taxonomy":"category","embeddable":true,"href":"https:\/\/mag.certideal.com\/it\/wp-json\/wp\/v2\/categories?post=811"},{"taxonomy":"post_tag","embeddable":true,"href":"https:\/\/mag.certideal.com\/it\/wp-json\/wp\/v2\/tags?post=811"}],"curies":[{"name":"wp","href":"https:\/\/api.w.org\/{rel}","templated":true}]}}