{"id":872,"date":"2026-02-20T17:44:01","date_gmt":"2026-02-20T16:44:01","guid":{"rendered":"https:\/\/mag.certideal.com\/?p=872"},"modified":"2026-02-20T17:52:24","modified_gmt":"2026-02-20T16:52:24","slug":"iphone-fold-en-2026-precio-ventana-de-lanzamiento-formato-que-esperar-de-verdad","status":"publish","type":"post","link":"https:\/\/mag.certideal.com\/es\/iphone-fold-en-2026-precio-ventana-de-lanzamiento-formato-que-esperar-de-verdad\/","title":{"rendered":"iPhone Fold en 2026: precio, ventana de lanzamiento, formato\u2026 qu\u00e9 esperar de verdad"},"content":{"rendered":"\n<p>Apple y los plegables llevan a\u00f1os en ese eterno \u201cya llega\u201d. Pero \u00faltimamente las se\u00f1ales suenan m\u00e1s s\u00f3lidas: analistas hablando de fases de fabricaci\u00f3n ya en marcha, filtraciones que dibujan una ficha t\u00e9cnica bastante coherente y, ojo, hasta la posibilidad de que Apple reorganice el calendario de lanzamientos del iPhone para hacerle sitio a una nueva categor\u00eda. As\u00ed que s\u00ed: el iPhone Fold ya no parece solo fantas\u00eda de rumores. Empieza a tener forma de producto real (aunque, por ahora, siga siendo territorio de filtraciones).<\/p>\n\n\n\n<h2 class=\"wp-block-heading\"><strong>Lanzamiento: lo m\u00e1s probable, finales de 2026 y con un hueco propio<\/strong><\/h2>\n\n\n\n<p>El escenario que m\u00e1s se repite es un lanzamiento en <strong>oto\u00f1o de 2026<\/strong>. No solo porque Apple es muy de oto\u00f1o (lo es), sino porque la cadena de suministro necesitar\u00eda ese margen: se menciona un arranque de producci\u00f3n m\u00e1s serio hacia <strong>el cuarto trimestre<\/strong> y una subida de volumen durante <strong>la segunda mitad de 2026<\/strong>. Tambi\u00e9n aparece un \u201cplan B\u201d en varias quinielas: si un componente clave (la bisagra) se complica, un desliz hacia <strong>2027<\/strong> no ser\u00eda raro.<\/p>\n\n\n\n<p>Lo interesante es el efecto domin\u00f3. Para encajar un plegable en la familia iPhone sin convertir la gama en un caos, Apple podr\u00eda <strong>mover algunos iPhone \u201ccl\u00e1sicos\u201d<\/strong> a un lanzamiento posterior, incluso en primavera. Traducido: el iPhone Fold no ser\u00eda \u201cotro iPhone m\u00e1s\u201d, sino un dispositivo que obliga a Apple a replantear c\u00f3mo ordena sus lanzamientos.<\/p>\n\n\n\n<h2 class=\"wp-block-heading\"><strong>Precio: Apple apuntar\u00e1 al ultra premium, sin complejos<\/strong><\/h2>\n\n\n\n<p>En precio, curiosamente, hay bastante consenso\u2026 porque todo el mundo espera una cifra alta. Las estimaciones se mueven alrededor de <strong>2.000\u20132.500 d\u00f3lares<\/strong> en EE. UU., seg\u00fan la fuente (algunos lo sit\u00faan m\u00e1s cerca de 1.800\u20132.000 $, otros ven plausible algo como 2.399 $). En Europa, entre impuestos y conversiones, lo normal ser\u00eda un posicionamiento de \u201clujo tecnol\u00f3gico\u201d.<\/p>\n\n\n\n<p>Un detalle que llama la atenci\u00f3n: algunas voces sugieren que la <strong>bisagra podr\u00eda costar menos de lo previsto<\/strong> gracias a optimizaciones de dise\u00f1o y a la industrializaci\u00f3n. Dos caminos: Apple usa eso para frenar el precio\u2026 o mantiene el precio alto y <strong>mejora m\u00e1rgenes<\/strong>. Si tuviera que apostar, apostar\u00eda por lo segundo.<\/p>\n\n\n\n<h2 class=\"wp-block-heading\"><strong>Dise\u00f1o y pantallas: plegable tipo \u201clibro\u201d, dos pantallas y obsesi\u00f3n anti-pliegue<\/strong><\/h2>\n\n\n\n<p>El dise\u00f1o esperado es el t\u00edpico plegable tipo <strong>\u201clibro\u201d<\/strong>: cerrado es un smartphone; abierto, se convierte en una mini-tablet. Los tama\u00f1os que m\u00e1s se repiten son <strong>aprox. 5,5 pulgadas<\/strong> para la pantalla exterior y <strong>7,8 pulgadas<\/strong> para la interior. Otra filtraci\u00f3n habla de <strong>5,3 \/ 7,7 pulgadas<\/strong>. En el fondo, la idea es la misma: una pantalla interior grande, cercana a una experiencia \u201cmini iPad\u201d, sin irse a un formato gigantesco.<\/p>\n\n\n\n<p>Donde Apple querr\u00eda marcar diferencia es en la <strong>visibilidad del pliegue<\/strong>. Varias fuentes apuntan a un panel interno casi \u201csin pliegue\u201d, gracias a una placa met\u00e1lica que reparte tensiones y una bisagra m\u00e1s robusta. Se mencionan materiales tipo <strong>liquid metal<\/strong>, y tambi\u00e9n aparece el <strong>titanio<\/strong> como parte del chasis (con debate sobre cu\u00e1nto y d\u00f3nde). Y s\u00ed, tambi\u00e9n se habla de una capa protectora m\u00e1s resistente: algo como pel\u00edcula de poliimida sobre vidrio ultrafino.<\/p>\n\n\n\n<p>En biometr\u00eda, lo m\u00e1s l\u00f3gico (y lo m\u00e1s repetido) ser\u00eda <strong>Touch ID en el bot\u00f3n lateral<\/strong>, para ahorrar espacio y simplificar el dise\u00f1o interno. Integrar Face ID en un plegable sin penalizar grosor o complejidad no es trivial.<\/p>\n\n\n\n<h2 class=\"wp-block-heading\"><strong>C\u00e1maras, conectividad, bater\u00eda: Apple quiere evitar el clich\u00e9 del plegable \u201cdelicado\u201d<\/strong><\/h2>\n\n\n\n<p>En c\u00e1maras, el enfoque ser\u00eda muy Apple: no necesariamente lo m\u00e1s extravagante sobre el papel, pero s\u00ed un conjunto premium y equilibrado. Se habla de <strong>dos c\u00e1maras traseras<\/strong> y <strong>dos c\u00e1maras frontales<\/strong> (una usable cuando est\u00e1 plegado y otra para el panel interior). Algunas filtraciones apuntan a <strong>48 MP<\/strong> para ambos sensores traseros. Para la c\u00e1mara interior incluso se menciona una soluci\u00f3n <strong>bajo la pantalla<\/strong>, mientras que la exterior podr\u00eda usar un recorte tipo punch-hole.<\/p>\n\n\n\n<p>En conectividad, un punto destacado: el iPhone Fold podr\u00eda incluir un <strong>m\u00f3dem Apple de nueva generaci\u00f3n (\u201cC2\u201d)<\/strong>, con mejoras de eficiencia. Y casi seguro, nada de bandeja f\u00edsica: <strong>solo eSIM<\/strong>.<\/p>\n\n\n\n<p>La bater\u00eda es el gran examen en los plegables. Apple supuestamente trabaja con <strong>celdas de alta densidad<\/strong>, y algunas estimaciones hablan de <strong>5.400\u20135.800 mAh<\/strong>. Si eso se cumple, ser\u00eda <strong>la bater\u00eda m\u00e1s grande jam\u00e1s vista en un iPhone<\/strong>. El objetivo es obvio: no puedes cobrar precio premium por un dispositivo que muere a media tarde.<\/p>\n\n\n\n<h2 class=\"wp-block-heading\"><strong>FAQ<\/strong><\/h2>\n\n\n\n<p><strong>\u00bfDe verdad el iPhone Fold saldr\u00e1 en 2026?<\/strong><br>Finales de 2026 es la ventana m\u00e1s citada, pero 2027 sigue siendo posible si la bisagra o la pantalla provocan retrasos.<\/p>\n\n\n\n<p><strong>\u00bfCu\u00e1nto podr\u00eda costar?<\/strong><br>La mayor\u00eda de estimaciones lo sit\u00faan en torno a 2.000\u20132.500 d\u00f3lares en EE. UU., seg\u00fan configuraci\u00f3n y previsiones.<\/p>\n\n\n\n<p><strong>\u00bfQu\u00e9 formato usar\u00eda Apple?<\/strong><br>El rumor m\u00e1s fuerte apunta a un plegable tipo libro: m\u00f3vil por fuera, pantalla grande tipo tablet por dentro.<\/p>\n\n\n\n<p><strong>\u00bfTouch ID o Face ID?<\/strong><br>Lo m\u00e1s cre\u00edble es Touch ID en el bot\u00f3n lateral, sobre todo por espacio y facilidad de integraci\u00f3n.<\/p>\n\n\n\n<h2 class=\"wp-block-heading\"><strong>Consideraciones finales<\/strong><\/h2>\n\n\n\n<p>Yo veo el iPhone Fold como una prueba de credibilidad m\u00e1s que como \u201cun nuevo iPhone\u201d. A ese precio, Apple no puede permitirse un plegable \u201cbonito, pero con peros\u201d. Un pliegue visible, una bisagra floja o una autonom\u00eda mediocre lo convertir\u00edan en un chiste car\u00edsimo. Pero si Apple logra de verdad una pantalla casi sin pliegue y una bater\u00eda s\u00f3lida, podr\u00eda hacer que el plegable deje de ser un capricho de nicho y se vuelva deseable para m\u00e1s gente. Si no, quedar\u00e1 como producto escaparate: impresionante de ver, m\u00e1s dif\u00edcil de justificar.<\/p>\n","protected":false},"excerpt":{"rendered":"<p>Apple y los plegables llevan a\u00f1os en ese eterno \u201cya llega\u201d. Pero \u00faltimamente las se\u00f1ales suenan m\u00e1s s\u00f3lidas: analistas hablando de fases de fabricaci\u00f3n ya en marcha, filtraciones que dibujan una ficha t\u00e9cnica bastante coherente y, ojo, hasta la posibilidad de que Apple reorganice el calendario de lanzamientos del iPhone para hacerle sitio a una nueva categor\u00eda. As\u00ed que s\u00ed: el iPhone Fold ya no parece solo fantas\u00eda de rumores. Empieza a tener forma de producto real (aunque, por ahora, siga siendo territorio de filtraciones).<\/p>\n","protected":false},"author":1,"featured_media":871,"comment_status":"open","ping_status":"closed","sticky":false,"template":"","format":"standard","meta":{"footnotes":""},"categories":[43],"tags":[],"class_list":{"0":"post-872","1":"post","2":"type-post","3":"status-publish","4":"format-standard","5":"has-post-thumbnail","7":"category-news"},"_links":{"self":[{"href":"https:\/\/mag.certideal.com\/es\/wp-json\/wp\/v2\/posts\/872","targetHints":{"allow":["GET"]}}],"collection":[{"href":"https:\/\/mag.certideal.com\/es\/wp-json\/wp\/v2\/posts"}],"about":[{"href":"https:\/\/mag.certideal.com\/es\/wp-json\/wp\/v2\/types\/post"}],"author":[{"embeddable":true,"href":"https:\/\/mag.certideal.com\/es\/wp-json\/wp\/v2\/users\/1"}],"replies":[{"embeddable":true,"href":"https:\/\/mag.certideal.com\/es\/wp-json\/wp\/v2\/comments?post=872"}],"version-history":[{"count":1,"href":"https:\/\/mag.certideal.com\/es\/wp-json\/wp\/v2\/posts\/872\/revisions"}],"predecessor-version":[{"id":873,"href":"https:\/\/mag.certideal.com\/es\/wp-json\/wp\/v2\/posts\/872\/revisions\/873"}],"wp:featuredmedia":[{"embeddable":true,"href":"https:\/\/mag.certideal.com\/es\/wp-json\/wp\/v2\/media\/871"}],"wp:attachment":[{"href":"https:\/\/mag.certideal.com\/es\/wp-json\/wp\/v2\/media?parent=872"}],"wp:term":[{"taxonomy":"category","embeddable":true,"href":"https:\/\/mag.certideal.com\/es\/wp-json\/wp\/v2\/categories?post=872"},{"taxonomy":"post_tag","embeddable":true,"href":"https:\/\/mag.certideal.com\/es\/wp-json\/wp\/v2\/tags?post=872"}],"curies":[{"name":"wp","href":"https:\/\/api.w.org\/{rel}","templated":true}]}}