{"id":845,"date":"2026-02-20T16:18:05","date_gmt":"2026-02-20T15:18:05","guid":{"rendered":"https:\/\/mag.certideal.com\/?p=845"},"modified":"2026-02-20T16:28:43","modified_gmt":"2026-02-20T15:28:43","slug":"reconocimiento-facial-en-las-gafas-de-meta-el-extra-que-puede-descarrilarlo-todo","status":"publish","type":"post","link":"https:\/\/mag.certideal.com\/es\/reconocimiento-facial-en-las-gafas-de-meta-el-extra-que-puede-descarrilarlo-todo\/","title":{"rendered":"Reconocimiento facial en las gafas de Meta: el \u201cextra\u201d que puede descarrilarlo todo"},"content":{"rendered":"\n<p>Las <strong>gafas inteligentes<\/strong> est\u00e1n viviendo un momento raro \u2014y, en cierto modo, emocionante\u2014. Despu\u00e9s de a\u00f1os de prototipos torpes y productos que parec\u00edan una demo eterna, por fin hemos llegado a una f\u00f3rmula que <em>funciona<\/em>: una montura que parece unas Ray-Ban normales, con c\u00e1mara, micr\u00f3fonos, altavoces y una capa de IA capaz de entender (m\u00e1s o menos) lo que est\u00e1s mirando. Desde el punto de vista tecnol\u00f3gico, el momento es perfecto.<\/p>\n\n\n\n<p>El problema es que Meta parece tentada a dar un salto mucho m\u00e1s delicado: <strong>reconocimiento facial<\/strong> en sus gafas. Y eso, incluso como idea, cambia por completo lo que el producto <em>es<\/em>. Seg\u00fan lo que se ha publicado en prensa, Meta habr\u00eda estado evaluando una funci\u00f3n interna apodada \u201cName Tag\u201d, pensada para identificar a personas a trav\u00e9s del asistente integrado, potencialmente recurriendo a perfiles p\u00fablicos dentro de las plataformas de Meta.<\/p>\n\n\n\n<p>A partir de ah\u00ed ya no hablamos de un gadget c\u00f3modo. Hablamos de una decisi\u00f3n que define si el mundo se vuelve, por defecto, <strong>escaneable<\/strong>.<\/p>\n\n\n\n<h2 class=\"wp-block-heading\"><strong>Por qu\u00e9 estas gafas son distintas (y por eso m\u00e1s sensibles)<\/strong><\/h2>\n\n\n\n<p>La respuesta t\u00edpica sale sola: \u201cTu tel\u00e9fono ya puede grabar\u201d. Cierto, pero el smartphone implica gestos evidentes. Lo sacas, lo apuntas, lo guardas. Las gafas viven en tu cara. La captura se vuelve <strong>sin fricci\u00f3n<\/strong>, casi invisible, sobre todo cuando el producto est\u00e1 dise\u00f1ado para confundirse con unas gafas normales.<\/p>\n\n\n\n<p>En teor\u00eda existe un freno social: una peque\u00f1a <strong>luz LED<\/strong> que se enciende cuando est\u00e1s grabando. En la pr\u00e1ctica, ah\u00ed empieza el l\u00edo. Porque esa luz puede ser poco visible en la vida real, y porque ya hemos visto demasiadas veces lo f\u00e1cil que es \u201canular\u201d se\u00f1ales as\u00ed con cubiertas baratas o peque\u00f1as modificaciones. Meta, por su parte, insiste en la responsabilidad del usuario y se\u00f1ala el LED como su principal salvaguarda. En sus recomendaciones oficiales, tambi\u00e9n sugiere apagar las gafas en lugares sensibles (consultas m\u00e9dicas, vestuarios, ba\u00f1os p\u00fablicos, escuelas, lugares de culto).<\/p>\n\n\n\n<p>Pero el problema de fondo no cambia: el sistema depende mucho de la buena fe\u2026 y de un puntito de luz.<\/p>\n\n\n\n<h2 class=\"wp-block-heading\"><strong>\u201cName Tag\u201d: una idea simple, una caja de Pandora<\/strong><\/h2>\n\n\n\n<p>Desde el punto de vista del producto, la tentaci\u00f3n es clar\u00edsima: te cruzas con alguien y las gafas te susurran su nombre. En ciertos contextos, incluso podr\u00eda ser realmente \u00fatil \u2014y en el debate suele aparecer el argumento de la <strong>accesibilidad<\/strong>, por ejemplo para personas con baja visi\u00f3n o para quienes tienen dificultades al reconocer caras.<\/p>\n\n\n\n<p>El asunto es que basta mover el cursor un mil\u00edmetro para que todo se transforme: identificar a una desconocida porque tiene un perfil p\u00fablico, enlazar un rostro con una cuenta social, convertir el espacio p\u00fablico en una gu\u00eda telef\u00f3nica ambulante. Y no es ciencia ficci\u00f3n. Ya hemos visto lo r\u00e1pido que se llega a escenarios de doxxing cuando combinas c\u00e1maras \u201cponibles\u201d con bases de datos p\u00fablicas. Si Meta lo integra como funci\u00f3n normal, el miedo no es \u201c\u00bfse puede hacer?\u201d, sino \u201c\u00bfse vuelve normal?\u201d<\/p>\n\n\n\n<p>Y cuando algo se normaliza, cuesta much\u00edsimo volver atr\u00e1s.<\/p>\n\n\n\n<h2 class=\"wp-block-heading\"><strong>La reputaci\u00f3n de Meta lo vuelve todo m\u00e1s explosivo<\/strong><\/h2>\n\n\n\n<p>Aunque fuese otra empresa la que lanzara reconocimiento facial para consumo masivo, ser\u00eda un terremoto. Con Meta, la cosa se enciende todav\u00eda m\u00e1s porque la confianza no es precisamente su punto fuerte. La cr\u00edtica m\u00e1s dura no es \u201cMeta inventa el mal\u201d, sino \u201cMeta ya ha demostrado qu\u00e9 pasa cuando el crecimiento gana a la prudencia\u201d.<\/p>\n\n\n\n<p>Adem\u00e1s, hay un detalle muy concreto: en los \u00faltimos a\u00f1os Meta ha empujado con fuerza la integraci\u00f3n de la IA, y los valores por defecto importan. Si una funci\u00f3n viene activada por defecto, en el mundo real se convierte en \u201clo normal\u201d, incluso para quienes nunca se han parado a pensarlo. Aqu\u00ed es donde el debate deja de ser t\u00e9cnico y pasa a ser social: la vida diaria no es un laboratorio. Est\u00e1 llena de gente que no pidi\u00f3 formar parte del experimento.<\/p>\n\n\n\n<h2 class=\"wp-block-heading\"><strong>La ley no est\u00e1 lista, y la biometr\u00eda cambia las reglas<\/strong><\/h2>\n\n\n\n<p>En Europa, la biometr\u00eda ya tiene un estatus especial: cuando procesas <strong>datos biom\u00e9tricos para identificar de forma \u00fanica<\/strong> a una persona, entras en territorio especialmente sensible bajo el GDPR. Y con el AI Act europeo, la idea de construir o ampliar sistemas de reconocimiento facial mediante recopilaci\u00f3n masiva de im\u00e1genes p\u00fablicas se mira con una lupa todav\u00eda m\u00e1s exigente.<\/p>\n\n\n\n<p>Sobre todo, el reconocimiento facial rompe la ambig\u00fcedad del \u201csolo estoy grabando una escena\u201d. Convierte la imagen en una <strong>pregunta<\/strong>: \u201c\u00bfQui\u00e9n es esta persona?\u201d. Culturalmente, no estamos preparados para vivir en un mundo donde esa pregunta est\u00e9 siempre a un comando de voz. T\u00e9cnicamente, ya casi estamos ah\u00ed.<\/p>\n\n\n\n<h2 class=\"wp-block-heading\"><strong>FAQ<\/strong><\/h2>\n\n\n\n<p><strong>\u00bfLas Ray-Ban Meta ya hacen reconocimiento facial?<\/strong><br>Por lo que se ha comunicado hasta ahora, no como una funci\u00f3n p\u00fablica y disponible para el consumidor. La conversaci\u00f3n gira en torno a un concepto evaluado (\u201cName Tag\u201d) descrito en reportajes, no a un lanzamiento confirmado.<\/p>\n\n\n\n<p><strong>\u00bfQu\u00e9 es \u201cName Tag\u201d, explicado f\u00e1cil?<\/strong><br>Seg\u00fan lo publicado, ser\u00eda una funci\u00f3n que permitir\u00eda al asistente de IA identificar a personas, posiblemente tirando de contactos vinculados y\/o informaci\u00f3n de perfiles p\u00fablicos dentro del ecosistema de Meta.<\/p>\n\n\n\n<p><strong>\u00bfEl LED de grabaci\u00f3n es una salvaguarda real?<\/strong><br>Es una se\u00f1al, no una garant\u00eda. Si se ve poco o es f\u00e1cil de sortear, pierde valor como mecanismo social de consentimiento.<\/p>\n\n\n\n<p><strong>\u00bfPor qu\u00e9 el reconocimiento facial cambia tanto el debate?<\/strong><br>Porque pasa de \u201cgrabar\u201d a \u201cidentificar\u201d. Y la identificaci\u00f3n biom\u00e9trica tiene implicaciones enormes: privacidad, seguridad, riesgos de acoso, perfilado, y un marco legal mucho m\u00e1s estricto (sobre todo en la UE).<\/p>\n\n\n\n<p><strong>\u00bfSer\u00eda legal en Europa?<\/strong><br>Depende much\u00edsimo de c\u00f3mo se implemente, la base legal, los l\u00edmites y, sobre todo, si se procesan datos biom\u00e9tricos para identificaci\u00f3n \u00fanica. Si ese es el caso, el list\u00f3n de cumplimiento \u2014y el riesgo\u2014 sube de golpe.<\/p>\n\n\n\n<h2 class=\"wp-block-heading\"><strong>Conclusi\u00f3n <\/strong><\/h2>\n\n\n\n<p>Lo casi tr\u00e1gico es que Meta quiz\u00e1 por fin haya dado con el formato correcto de gafas inteligentes: \u00fatiles, ponibles, nada rid\u00edculas. Y aun as\u00ed, el reconocimiento facial podr\u00eda devolvernos a la era de Google Glass\u2026 solo que con mucha m\u00e1s potencia y mucha m\u00e1s infraestructura social detr\u00e1s. Mi postura es bastante clara: si Meta empuja de verdad \u201cName Tag\u201d, no ser\u00e1 \u201cuna funci\u00f3n m\u00e1s\u201d. Ser\u00e1 una ruptura cultural. Y, sinceramente, Meta no es la empresa que elegir\u00eda para gestionar una ruptura as\u00ed con mesura.<\/p>\n","protected":false},"excerpt":{"rendered":"<p>Las gafas inteligentes est\u00e1n viviendo un momento raro \u2014y, en cierto modo, emocionante\u2014. Despu\u00e9s de a\u00f1os de prototipos torpes y productos que parec\u00edan una demo eterna, por fin hemos llegado a una f\u00f3rmula que funciona: una montura que parece unas Ray-Ban normales, con c\u00e1mara, micr\u00f3fonos, altavoces y una capa de IA capaz de entender (m\u00e1s o menos) lo que est\u00e1s mirando. Desde el punto de vista tecnol\u00f3gico, el momento es perfecto.<\/p>\n<p>El problema es que Meta parece tentada a dar un salto mucho m\u00e1s delicado: reconocimiento facial en sus gafas. Y eso, incluso como idea, cambia por completo lo que el producto es. Seg\u00fan lo que se ha publicado en prensa, Meta habr\u00eda estado evaluando una funci\u00f3n interna apodada \u201cName Tag\u201d, pensada para identificar a personas a trav\u00e9s del asistente integrado, potencialmente recurriendo a perfiles p\u00fablicos dentro de las plataformas de Meta.<\/p>\n<p>A partir de ah\u00ed ya no hablamos de un gadget c\u00f3modo. Hablamos de una decisi\u00f3n que define si el mundo se vuelve, por defecto, escaneable.<\/p>\n","protected":false},"author":1,"featured_media":844,"comment_status":"open","ping_status":"closed","sticky":false,"template":"","format":"standard","meta":{"footnotes":""},"categories":[43],"tags":[],"class_list":{"0":"post-845","1":"post","2":"type-post","3":"status-publish","4":"format-standard","5":"has-post-thumbnail","7":"category-news"},"_links":{"self":[{"href":"https:\/\/mag.certideal.com\/es\/wp-json\/wp\/v2\/posts\/845","targetHints":{"allow":["GET"]}}],"collection":[{"href":"https:\/\/mag.certideal.com\/es\/wp-json\/wp\/v2\/posts"}],"about":[{"href":"https:\/\/mag.certideal.com\/es\/wp-json\/wp\/v2\/types\/post"}],"author":[{"embeddable":true,"href":"https:\/\/mag.certideal.com\/es\/wp-json\/wp\/v2\/users\/1"}],"replies":[{"embeddable":true,"href":"https:\/\/mag.certideal.com\/es\/wp-json\/wp\/v2\/comments?post=845"}],"version-history":[{"count":1,"href":"https:\/\/mag.certideal.com\/es\/wp-json\/wp\/v2\/posts\/845\/revisions"}],"predecessor-version":[{"id":846,"href":"https:\/\/mag.certideal.com\/es\/wp-json\/wp\/v2\/posts\/845\/revisions\/846"}],"wp:featuredmedia":[{"embeddable":true,"href":"https:\/\/mag.certideal.com\/es\/wp-json\/wp\/v2\/media\/844"}],"wp:attachment":[{"href":"https:\/\/mag.certideal.com\/es\/wp-json\/wp\/v2\/media?parent=845"}],"wp:term":[{"taxonomy":"category","embeddable":true,"href":"https:\/\/mag.certideal.com\/es\/wp-json\/wp\/v2\/categories?post=845"},{"taxonomy":"post_tag","embeddable":true,"href":"https:\/\/mag.certideal.com\/es\/wp-json\/wp\/v2\/tags?post=845"}],"curies":[{"name":"wp","href":"https:\/\/api.w.org\/{rel}","templated":true}]}}