{"id":831,"date":"2026-02-13T16:56:56","date_gmt":"2026-02-13T15:56:56","guid":{"rendered":"https:\/\/mag.certideal.com\/?p=831"},"modified":"2026-02-13T17:41:55","modified_gmt":"2026-02-13T16:41:55","slug":"nuevos-ipad-en-camino-a18-para-el-ipad-basico-y-m4-para-el-ipad-air-pero-la-historia-real-es-la-ia","status":"publish","type":"post","link":"https:\/\/mag.certideal.com\/es\/nuevos-ipad-en-camino-a18-para-el-ipad-basico-y-m4-para-el-ipad-air-pero-la-historia-real-es-la-ia\/","title":{"rendered":"Nuevos iPad en camino: A18 para el iPad \u201cb\u00e1sico\u201d y M4 para el iPad Air, pero la historia real es la IA"},"content":{"rendered":"\n<p>Si estabas a punto de comprar un iPad \u201cnormal\u201d o un iPad Air, este es uno de esos momentos en los que conviene frenar un segundo. Los rumores m\u00e1s recientes apuntan a una renovaci\u00f3n <strong>bastante cercana<\/strong> (la ventana t\u00edpica de Apple: finales de invierno \/ comienzos de primavera), con una jugada muy Apple: <strong>mucho cambio por dentro, casi nada por fuera<\/strong>.<\/p>\n\n\n\n<p>Traducido: no esperes una revoluci\u00f3n de dise\u00f1o, pero s\u00ed un salto de chip que cambia sobre todo una cosa: <strong>qu\u00e9 funciones de software vas a poder usar<\/strong>. Y s\u00ed, esta vez el tema caliente es Apple Intelligence, no los colores del aluminio.<\/p>\n\n\n\n<h2 class=\"wp-block-heading\"><strong>Lo que de verdad cambiar\u00eda: A18 en el iPad de entrada<\/strong><\/h2>\n\n\n\n<p>El iPad \u201centry\u201d (el que mucha gente compra para casa, cole, Netflix y apuntes) pasar\u00eda de <strong>A16 a A18<\/strong>. En papel, es un buen empuj\u00f3n de rendimiento, pero lo interesante no es el numerito del benchmark: es la compatibilidad.<\/p>\n\n\n\n<p>Porque A18 significa, muy probablemente, que el iPad b\u00e1sico por fin estar\u00eda <strong>listo para funciones de Apple Intelligence<\/strong>. Y ah\u00ed se abre un cap\u00edtulo importante: en los \u00faltimos meses Apple ha empujado fuerte la idea de IA <strong>en el dispositivo<\/strong>, con herramientas de escritura, res\u00famenes, generaci\u00f3n de im\u00e1genes y, sobre todo, el futuro de Siri (que, siendo honestos, es la prueba definitiva). Si el nuevo iPad b\u00e1sico entra en ese \u201cclub\u201d, deja de ser \u201cel iPad econ\u00f3mico que hace de todo\u201d y pasa a ser \u201cel iPad econ\u00f3mico que tambi\u00e9n hace lo nuevo\u201d.<\/p>\n\n\n\n<p>Hay otro detalle que podr\u00eda venir de la mano: <strong>m\u00e1s RAM<\/strong> (se habla a menudo de 8 GB como umbral \u201cm\u00ednimo serio\u201d para ciertas funciones de IA). No es un capricho de frikis: la RAM suele marcar la diferencia entre un dispositivo que envejece bien y otro que empieza a arrastrarse antes de tiempo.<\/p>\n\n\n\n<h2 class=\"wp-block-heading\"><strong>iPad Air: \u00bfM4 y ya? Casi<\/strong><\/h2>\n\n\n\n<p>En el iPad Air, el panorama parece a\u00fan m\u00e1s directo: salto de <strong>M3 a M4<\/strong>. Gran chip, sin discusi\u00f3n. El punto es que el Air ya hoy es \u201cdemasiado potente\u201d para el uso medio: correo, navegador con 18 pesta\u00f1as, notas, Canva, algo de edici\u00f3n de fotos\u2026 ya va sobrado.<\/p>\n\n\n\n<p>Entonces, \u00bfpor qu\u00e9 M4? Dos motivos plausibles:<\/p>\n\n\n\n<ul class=\"wp-block-list\">\n<li><strong>Alineaci\u00f3n de gama<\/strong>: Apple adora simplificar el mensaje y la plataforma (para desarrolladores, funciones y marketing).<\/li>\n\n\n\n<li><strong>IA y aceleradores<\/strong>: el M4 est\u00e1 pensado para cargas modernas, y la IA es la excusa perfecta para justificar potencia donde antes parec\u00eda excesiva.<\/li>\n<\/ul>\n\n\n\n<p>Eso s\u00ed: no esperes un iPad Air convertido en \u201cmini Pro\u201d. Los rumores siguen indicando que se quedar\u00eda fuera de cosas como <strong>Face ID<\/strong> y <strong>ProMotion<\/strong>. Apple sabe perfectamente qu\u00e9 reservar para los Pro.<\/p>\n\n\n\n<h2 class=\"wp-block-heading\"><strong>Dise\u00f1o y pantalla: sigue la calma<\/strong><\/h2>\n\n\n\n<p>Esta parte es un poco aburrida, y quiz\u00e1 ese sea el mensaje: <strong>no se esperan cambios grandes de dise\u00f1o<\/strong>. El iPad b\u00e1sico mantendr\u00eda sus compromisos cl\u00e1sicos (por ejemplo, pantalla no laminada), y el Air seguir\u00eda con la l\u00ednea que ya conocemos.<\/p>\n\n\n\n<p>Sobre OLED, conviene no calentarse demasiado: siempre hay expectativas (y la cadena de suministro se mueve), pero lo m\u00e1s realista es que <strong>este no ser\u00eda el ciclo<\/strong> en el que OLED llegue al iPad b\u00e1sico o al iPad Air. Si llega, probablemente sea en una ronda posterior.<\/p>\n\n\n\n<h2 class=\"wp-block-heading\"><strong>Cu\u00e1ndo podr\u00edan salir y qu\u00e9 hacer ahora<\/strong><\/h2>\n\n\n\n<p>La ventana m\u00e1s comentada es <strong>principios de marzo de 2026<\/strong>, porque Apple suele colocar renovaciones \u201csin evento\u201d en esas fechas (anuncios r\u00e1pidos, comunicado, poco espect\u00e1culo). Dicho esto: \u00bfcomprar hoy es un error?<\/p>\n\n\n\n<p>Depende de qu\u00e9 est\u00e9s mirando:<\/p>\n\n\n\n<ul class=\"wp-block-list\">\n<li><strong>Quieres el iPad b\u00e1sico<\/strong> y te interesa la IA (o quieres que te dure 4\u20135 a\u00f1os): esperar tiene sentido, porque A18 + compatibilidad con Apple Intelligence podr\u00eda ser el verdadero punto de inflexi\u00f3n.<\/li>\n\n\n\n<li><strong>Quieres un iPad Air<\/strong> para uso diario y algo de trabajo \u201csemi-pro\u201d ligero: sinceramente, el M3 ya es un cohete. Si pillas un buen precio, yo no me rayar\u00eda demasiado.<\/li>\n\n\n\n<li><strong>Vienes de un iPad antiguo (3\u20134 generaciones)<\/strong>: cualquier compra ser\u00e1 un salto enorme. Ah\u00ed mandan m\u00e1s las ofertas y la disponibilidad que el apellido exacto del chip.<\/li>\n<\/ul>\n\n\n\n<h2 class=\"wp-block-heading\"><strong>FAQ iPad Apple 2026<\/strong><\/h2>\n\n\n\n<p><strong>\u00bfCu\u00e1ndo podr\u00edan lanzarse los nuevos iPad?<\/strong><br>Los rumores apuntan a finales de invierno \/ comienzos de primavera, con <strong>principios de marzo de 2026<\/strong> como ventana especialmente probable.<\/p>\n\n\n\n<p><strong>\u00bfEl iPad b\u00e1sico tendr\u00e1 Apple Intelligence?<\/strong><br>Si de verdad pasa a A18 (con la configuraci\u00f3n de hardware adecuada), lo m\u00e1s l\u00f3gico es que Apple Intelligence llegue tambi\u00e9n al modelo de entrada.<\/p>\n\n\n\n<p><strong>\u00bfSe notar\u00e1 mucho el iPad Air con M4 frente al M3?<\/strong><br>En el uso diario t\u00edpico, no de forma dram\u00e1tica. El salto tiene m\u00e1s sentido en tareas pesadas o escenarios ligados a aceleraci\u00f3n de IA.<\/p>\n\n\n\n<p><strong>\u00bfHabr\u00e1 cambios de dise\u00f1o?<\/strong><br>Por ahora no hay se\u00f1ales fuertes de redesign. Todo apunta a una renovaci\u00f3n \u201cinterna\u201d.<\/p>\n\n\n\n<p><strong>\u00bfConviene comprar ya o esperar?<\/strong><br>Para el iPad b\u00e1sico, esperar puede valer la pena si quieres compatibilidad con IA. Para el iPad Air, muchas veces decide el precio y la urgencia.<\/p>\n\n\n\n<h2 class=\"wp-block-heading\"><strong>Conclusi\u00f3n <\/strong><\/h2>\n\n\n\n<p>Estas renovaciones \u201csilenciosas\u201d dicen bastante sobre Apple: ahora mismo parece empe\u00f1ada en mover el valor de lo \u201cbonito por fuera\u201d a lo <strong>capaz por dentro<\/strong>, y para eso necesita chips modernos en toda la gama. Personalmente, me interesa m\u00e1s la actualizaci\u00f3n del iPad b\u00e1sico que la del Air: no porque el A18 sea m\u00e1gico, sino porque puede dejar de tratarse al modelo econ\u00f3mico como un dispositivo de segunda cuando hablamos del futuro de funciones. Y si Siri realmente recibe un lavado de cara serio (gran \u201csi\u201d), entonces de repente el chip importa much\u00edsimo m\u00e1s de lo que sol\u00eda importar.<\/p>\n","protected":false},"excerpt":{"rendered":"<p>Si estabas a punto de comprar un iPad \u201cnormal\u201d o un iPad Air, este es uno de esos momentos en los que conviene frenar un segundo. Los rumores m\u00e1s recientes apuntan a una renovaci\u00f3n bastante cercana (la ventana t\u00edpica de Apple: finales de invierno \/ comienzos de primavera), con una jugada muy Apple: mucho cambio por dentro, casi nada por fuera.<\/p>\n<p>Traducido: no esperes una revoluci\u00f3n de dise\u00f1o, pero s\u00ed un salto de chip que cambia sobre todo una cosa: qu\u00e9 funciones de software vas a poder usar. Y s\u00ed, esta vez el tema caliente es Apple Intelligence, no los colores del aluminio.<\/p>\n","protected":false},"author":1,"featured_media":830,"comment_status":"open","ping_status":"closed","sticky":false,"template":"","format":"standard","meta":{"footnotes":""},"categories":[43],"tags":[],"class_list":{"0":"post-831","1":"post","2":"type-post","3":"status-publish","4":"format-standard","5":"has-post-thumbnail","7":"category-news"},"_links":{"self":[{"href":"https:\/\/mag.certideal.com\/es\/wp-json\/wp\/v2\/posts\/831","targetHints":{"allow":["GET"]}}],"collection":[{"href":"https:\/\/mag.certideal.com\/es\/wp-json\/wp\/v2\/posts"}],"about":[{"href":"https:\/\/mag.certideal.com\/es\/wp-json\/wp\/v2\/types\/post"}],"author":[{"embeddable":true,"href":"https:\/\/mag.certideal.com\/es\/wp-json\/wp\/v2\/users\/1"}],"replies":[{"embeddable":true,"href":"https:\/\/mag.certideal.com\/es\/wp-json\/wp\/v2\/comments?post=831"}],"version-history":[{"count":1,"href":"https:\/\/mag.certideal.com\/es\/wp-json\/wp\/v2\/posts\/831\/revisions"}],"predecessor-version":[{"id":832,"href":"https:\/\/mag.certideal.com\/es\/wp-json\/wp\/v2\/posts\/831\/revisions\/832"}],"wp:featuredmedia":[{"embeddable":true,"href":"https:\/\/mag.certideal.com\/es\/wp-json\/wp\/v2\/media\/830"}],"wp:attachment":[{"href":"https:\/\/mag.certideal.com\/es\/wp-json\/wp\/v2\/media?parent=831"}],"wp:term":[{"taxonomy":"category","embeddable":true,"href":"https:\/\/mag.certideal.com\/es\/wp-json\/wp\/v2\/categories?post=831"},{"taxonomy":"post_tag","embeddable":true,"href":"https:\/\/mag.certideal.com\/es\/wp-json\/wp\/v2\/tags?post=831"}],"curies":[{"name":"wp","href":"https:\/\/api.w.org\/{rel}","templated":true}]}}