{"id":817,"date":"2026-02-13T16:41:41","date_gmt":"2026-02-13T15:41:41","guid":{"rendered":"https:\/\/mag.certideal.com\/?p=817"},"modified":"2026-02-13T16:52:29","modified_gmt":"2026-02-13T15:52:29","slug":"apple-quiere-resucitar-el-macbook-y-esta-vez-podria-tener-sentido","status":"publish","type":"post","link":"https:\/\/mag.certideal.com\/es\/apple-quiere-resucitar-el-macbook-y-esta-vez-podria-tener-sentido\/","title":{"rendered":"Apple quiere resucitar el \u201cMacBook\u201d y esta vez podr\u00eda tener sentido"},"content":{"rendered":"\n<p>Si le ten\u00edas cari\u00f1o al <strong>MacBook de 12 pulgadas<\/strong> de 2015, te entiendo. Era uno de esos productos \u201cdemasiado adelantados\u201d, de los que Apple suelta cuando quiere demostrar algo al mundo. Fino, ligero, Retina, minimalista hasta el extremo. \u00bfEl problema? En el d\u00eda a d\u00eda era tambi\u00e9n un paquete de concesiones que nadie hab\u00eda pedido as\u00ed.<\/p>\n\n\n\n<p>Ahora est\u00e1 sonando un rumor bastante jugoso: <strong>Apple estar\u00eda preparando un nuevo port\u00e1til llamado simplemente \u201cMacBook\u201d<\/strong>, pero con una misi\u00f3n muy distinta a la del modelo antiguo. No ser\u00eda un manifiesto del futuro, sino <strong>un Mac realmente de entrada<\/strong>, pensado para quien vive pegado al iPhone y se apa\u00f1a con un port\u00e1til Windows barato, un Chromebook\u2026 o directamente nada.<\/p>\n\n\n\n<p>Y s\u00ed: lo interesante es que Apple podr\u00eda hacerlo <strong>sin repetir los errores cl\u00e1sicos<\/strong>.<\/p>\n\n\n\n<h2 class=\"wp-block-heading\"><strong>El MacBook de 2015 era precioso\u2026 y estaba lleno de trampas<\/strong><\/h2>\n\n\n\n<p>El MacBook \u201cun solo puerto para dominarlos a todos\u201d se recuerda por cuatro cosas (algunas nost\u00e1lgicas, otras bastante dolorosas):<\/p>\n\n\n\n<ul class=\"wp-block-list\">\n<li><strong>Teclado mariposa (butterfly)<\/strong>: fino y \u201cclic\u201d, pero fr\u00e1gil. Un poco de polvo, migas o mala suerte y las teclas se atascaban o dejaban de responder.<\/li>\n\n\n\n<li><strong>Intel Core M<\/strong>: eficiente, vale, pero tambi\u00e9n <strong>un freno de mano<\/strong> en cuanto intentabas multitarea real.<\/li>\n\n\n\n<li><strong>Un \u00fanico USB-C<\/strong>: el mismo para cargar y para accesorios. Traducci\u00f3n: o cargas o conectas algo, y si quieres ambas cosas\u2026 a vivir de adaptadores.<\/li>\n\n\n\n<li><strong>Precio premium<\/strong>: la broma final. Costaba como un port\u00e1til \u201cserio\u201d, pero no rend\u00eda como tal.<\/li>\n<\/ul>\n\n\n\n<p>La iron\u00eda es que parec\u00eda el sucesor natural del MacBook Air. Al final pas\u00f3 lo contrario: <strong>el Air sobrevivi\u00f3<\/strong>, evolucion\u00f3, y el MacBook de 12&#8243; se qued\u00f3 como un experimento bonito con demasiados compromisos.<\/p>\n\n\n\n<h2 class=\"wp-block-heading\"><strong>Por qu\u00e9 el nuevo MacBook podr\u00eda ser el anti-2015<\/strong><\/h2>\n\n\n\n<p>La clave del rumor es simple: <strong>Apple no estar\u00eda intentando hacer otro \u201cproducto manifiesto\u201d<\/strong>, sino <strong>un Mac de acceso<\/strong>.<\/p>\n\n\n\n<p>Y, comparado con 2015, hay tres cosas que lo cambian todo.<\/p>\n\n\n\n<h3 class=\"wp-block-heading\"><strong>1) Apple Silicon ha subido el list\u00f3n del \u201cm\u00ednimo\u201d<\/strong><\/h3>\n\n\n\n<p>Si este MacBook usa un chip de clase iPhone (se habla de <strong>A18 Pro<\/strong> o algo similar), no te dejes enga\u00f1ar por el nombre. Los SoC actuales de Apple son <strong>muy eficientes<\/strong> y sobran para:<\/p>\n\n\n\n<ul class=\"wp-block-list\">\n<li>estudio y navegaci\u00f3n seria con muchas pesta\u00f1as<\/li>\n\n\n\n<li>Office\/Google Docs<\/li>\n\n\n\n<li>edici\u00f3n fotogr\u00e1fica ligera (y algo m\u00e1s si la app est\u00e1 bien optimizada)<\/li>\n\n\n\n<li>streaming, videollamadas y gesti\u00f3n diaria de archivos<\/li>\n<\/ul>\n\n\n\n<p>No es una m\u00e1quina para editar 8K a lo loco, pero tampoco pretende serlo.<\/p>\n\n\n\n<h3 class=\"wp-block-heading\"><strong>2) El drama del teclado ya es historia (casi)<\/strong><\/h3>\n\n\n\n<p>Apple ya dio marcha atr\u00e1s con la era butterfly. Los port\u00e1tiles actuales llevan mecanismos mucho m\u00e1s fiables. En cristiano: si este nuevo MacBook llega, deber\u00eda hacerlo con <strong>un teclado normal y s\u00f3lido<\/strong>, no con el tal\u00f3n de Aquiles de aquella generaci\u00f3n.<\/p>\n\n\n\n<h3 class=\"wp-block-heading\"><strong>3) Los puertos ya no son una declaraci\u00f3n ideol\u00f3gica en 2026<\/strong><\/h3>\n\n\n\n<p>En 2015, un solo USB-C era casi una declaraci\u00f3n de intenciones. En 2026 ser\u00eda simplemente absurdo. Por eso el rumor suena l\u00f3gico: lo razonable es <strong>al menos dos USB-C<\/strong>, o un mix con <strong>MagSafe<\/strong> (aunque sea para evitar el eterno \u201c\u00bfcargo o conecto?\u201d). Y como USB-C ya es est\u00e1ndar en todas partes, la experiencia hoy ser\u00eda mucho menos frustrante.<\/p>\n\n\n\n<h2 class=\"wp-block-heading\"><strong>El gancho real: precio y posicionamiento<\/strong><\/h2>\n\n\n\n<p>Lo que m\u00e1s ruido hace es el precio: <strong>alrededor de 699 d\u00f3lares<\/strong>. Incluso si el n\u00famero exacto cambia, si Apple apunta a esa zona, el juego cambia.<\/p>\n\n\n\n<p>Porque hoy el MacBook Air es \u201cel Mac para casi todo el mundo\u201d, pero no es barato de verdad. Un modelo por debajo del Air tendr\u00eda un papel clar\u00edsimo:<\/p>\n\n\n\n<ul class=\"wp-block-list\">\n<li><strong>primer Mac para estudiantes<\/strong><\/li>\n\n\n\n<li>port\u00e1til \u201cde casa\u201d si ya tienes un sobremesa<\/li>\n\n\n\n<li>m\u00e1quina ligera para viajar<\/li>\n\n\n\n<li>alternativa cre\u00edble a port\u00e1tiles Windows de gama baja, con el plus del ecosistema Apple<\/li>\n<\/ul>\n\n\n\n<p>Y hay un detalle que me gusta: Apple podr\u00eda devolverle sentido a \u201cMacBook\u201d como categor\u00eda f\u00e1cil de entender. Air y Pro funcionan, pero \u201cMacBook\u201d es directo, simple, casi tranquilizador.<\/p>\n\n\n\n<h2 class=\"wp-block-heading\"><strong>Qu\u00e9 podr\u00eda recortar Apple para llegar a ese precio<\/strong><\/h2>\n\n\n\n<p>Si de verdad est\u00e1 por debajo del Air, algo tiene que ceder. Los recortes m\u00e1s probables:<\/p>\n\n\n\n<ul class=\"wp-block-list\">\n<li>pantalla menos ambiciosa que la del Air (brillo\/calidad general)<\/li>\n\n\n\n<li>almacenamiento base poco generoso (cl\u00e1sico Apple\u2026)<\/li>\n\n\n\n<li>menos opciones de configuraci\u00f3n<\/li>\n\n\n\n<li>audio y webcam correctos, pero sin \u201cwow\u201d<\/li>\n<\/ul>\n\n\n\n<p>Y sinceramente, se puede vivir con eso, siempre que el conjunto sea coherente. El MacBook 2015 frustraba porque cobraba precio premium a cambio de compromisos de prototipo. Este, en cambio, suena a un trato m\u00e1s honesto.<\/p>\n\n\n\n<h2 class=\"wp-block-heading\"><strong>FAQ nuevo MacBook 2026<\/strong><\/h2>\n\n\n\n<p><strong>\u00bfCu\u00e1ndo podr\u00eda salir el nuevo MacBook?<\/strong><br>Los rumores apuntan a la <strong>primera mitad de 2026<\/strong>, pero no hay fecha oficial.<\/p>\n\n\n\n<p><strong>\u00bfEn qu\u00e9 se diferenciar\u00eda del MacBook Air?<\/strong><br>Ser\u00eda un modelo <strong>m\u00e1s barato y m\u00e1s b\u00e1sico<\/strong>, posiblemente con chip de clase iPhone, pero suficiente para uso diario.<\/p>\n\n\n\n<p><strong>\u00bfTendr\u00eda ventilador?<\/strong><br>Si el chip es tan eficiente como se espera, un dise\u00f1o <strong>sin ventilador<\/strong> es muy probable.<\/p>\n\n\n\n<p><strong>\u00bfSirve para trabajo \u201cserio\u201d (foto\/v\u00eddeo\/desarrollo)?<\/strong><br>Para foto ligera y programaci\u00f3n b\u00e1sica, s\u00ed. Para edici\u00f3n de v\u00eddeo pesada, 3D y flujos pro, no: ah\u00ed siguen teniendo sentido un Air bien configurado o un Pro.<\/p>\n\n\n\n<p><strong>\u00bfHay riesgo de otro \u201cproblema de teclado\u201d?<\/strong><br>Ser\u00eda raro. Apple ya dej\u00f3 atr\u00e1s el butterfly y los teclados actuales son bastante m\u00e1s fiables.<\/p>\n\n\n\n<h2 class=\"wp-block-heading\"><strong><strong>Conclusi\u00f3n<\/strong><\/strong><\/h2>\n\n\n\n<p>Yo esta jugada la interpreto as\u00ed: Apple est\u00e1 cansada de dejar la gama de entrada de port\u00e1tiles a m\u00e1quinas mediocres, de esas que compras por precio y luego odias cada d\u00eda. Un <strong>MacBook realmente asequible<\/strong>, con Apple Silicon y recortes inteligentes, podr\u00eda convertirse en el port\u00e1til \u201cpor defecto\u201d para much\u00edsima gente. La paradoja es que, para resucitar el nombre MacBook, Apple tiene que dejar de tratarlo como un manifiesto de dise\u00f1o y empezar a tratarlo como un producto pragm\u00e1tico. Si lo consigue, puede ser una de las decisiones m\u00e1s listas de su 2026.<\/p>\n","protected":false},"excerpt":{"rendered":"<p>Si le ten\u00edas cari\u00f1o al MacBook de 12 pulgadas de 2015, te entiendo. Era uno de esos productos \u201cdemasiado adelantados\u201d, de los que Apple suelta cuando quiere demostrar algo al mundo. Fino, ligero, Retina, minimalista hasta el extremo. \u00bfEl problema? En el d\u00eda a d\u00eda era tambi\u00e9n un paquete de concesiones que nadie hab\u00eda pedido as\u00ed.<\/p>\n<p>Ahora est\u00e1 sonando un rumor bastante jugoso: Apple estar\u00eda preparando un nuevo port\u00e1til llamado simplemente \u201cMacBook\u201d, pero con una misi\u00f3n muy distinta a la del modelo antiguo. No ser\u00eda un manifiesto del futuro, sino un Mac realmente de entrada, pensado para quien vive pegado al iPhone y se apa\u00f1a con un port\u00e1til Windows barato, un Chromebook\u2026 o directamente nada.<\/p>\n<p>Y s\u00ed: lo interesante es que Apple podr\u00eda hacerlo sin repetir los errores cl\u00e1sicos.<\/p>\n","protected":false},"author":1,"featured_media":816,"comment_status":"open","ping_status":"closed","sticky":false,"template":"","format":"standard","meta":{"footnotes":""},"categories":[43],"tags":[],"class_list":{"0":"post-817","1":"post","2":"type-post","3":"status-publish","4":"format-standard","5":"has-post-thumbnail","7":"category-news"},"_links":{"self":[{"href":"https:\/\/mag.certideal.com\/es\/wp-json\/wp\/v2\/posts\/817","targetHints":{"allow":["GET"]}}],"collection":[{"href":"https:\/\/mag.certideal.com\/es\/wp-json\/wp\/v2\/posts"}],"about":[{"href":"https:\/\/mag.certideal.com\/es\/wp-json\/wp\/v2\/types\/post"}],"author":[{"embeddable":true,"href":"https:\/\/mag.certideal.com\/es\/wp-json\/wp\/v2\/users\/1"}],"replies":[{"embeddable":true,"href":"https:\/\/mag.certideal.com\/es\/wp-json\/wp\/v2\/comments?post=817"}],"version-history":[{"count":2,"href":"https:\/\/mag.certideal.com\/es\/wp-json\/wp\/v2\/posts\/817\/revisions"}],"predecessor-version":[{"id":819,"href":"https:\/\/mag.certideal.com\/es\/wp-json\/wp\/v2\/posts\/817\/revisions\/819"}],"wp:featuredmedia":[{"embeddable":true,"href":"https:\/\/mag.certideal.com\/es\/wp-json\/wp\/v2\/media\/816"}],"wp:attachment":[{"href":"https:\/\/mag.certideal.com\/es\/wp-json\/wp\/v2\/media?parent=817"}],"wp:term":[{"taxonomy":"category","embeddable":true,"href":"https:\/\/mag.certideal.com\/es\/wp-json\/wp\/v2\/categories?post=817"},{"taxonomy":"post_tag","embeddable":true,"href":"https:\/\/mag.certideal.com\/es\/wp-json\/wp\/v2\/tags?post=817"}],"curies":[{"name":"wp","href":"https:\/\/api.w.org\/{rel}","templated":true}]}}